{"id":10327,"date":"2024-05-04T00:09:45","date_gmt":"2024-05-04T03:09:45","guid":{"rendered":"https:\/\/www.diariodelujan.com\/?p=10327"},"modified":"2024-07-23T02:28:05","modified_gmt":"2024-07-23T05:28:05","slug":"inscripcion-a-los-juegos-bonaerenses","status":"publish","type":"post","link":"https:\/\/diariodelujan.com\/xdeporte\/inscripcion-a-los-juegos-bonaerenses\/","title":{"rendered":"Extienden el plazo de inscripci\u00f3n a los Juegos Bonaerenses"},"content":{"rendered":"<p><span style=\"font-family: georgia, palatino, serif; font-size: 14pt;\"><em>Extienden el plazo de inscripci\u00f3n a los Juegos Bonaerenses 2024. El proceso de inscripci\u00f3n en la edici\u00f3n N\u00b0 33 se realizar\u00e1 en la <a href=\"http:\/\/plenus.juegos.gba.gob.ar\" target=\"_blank\" rel=\"noopener\">p\u00e1gina web oficial<\/a>.<\/em><\/span><!--more--><\/p>\n<p>[dropcap]U[\/dropcap]na vez finalizada la inscripci\u00f3n, iniciar\u00e1 la competencia en la etapa municipal, a disputarse entre mayo y junio, y continuar\u00e1 con las instancias regionales (julio y agosto) e interregionales (septiembre), para definir a los deportistas que estar\u00e1n presentes en la gran final de Mar del Plata, que tendr\u00e1 lugar en octubre.<\/p>\n<p>La competencia deportiva y cultural es organizada por el Ministerio de Desarrollo de la Comunidad a trav\u00e9s de la Subsecretar\u00eda de Deportes.<\/p>\n<h3><span style=\"font-size: 14pt;\"><strong>Los juegos de la provincia<\/strong><\/span><\/h3>\n<p>La competencia, que el a\u00f1o pasado alcanz\u00f3 el r\u00e9cord de 455 mil inscriptos, contar\u00e1 con m\u00e1s de 100 disciplinas deportivas y culturales para Juveniles, Personas con Discapacidad y Trasplantadas, y Adultos Mayores.<\/p>\n<p>Los <a href=\"https:\/\/juegos.gba.gob.ar\/\" target=\"_blank\" rel=\"noopener\">Juegos Bonaerenses<\/a> promueven el acceso a la actividad f\u00edsica y a la expresi\u00f3n cultural de la poblaci\u00f3n, y a la vez, fomentan la identidad local y bonaerense. Su slogan es <strong>\u201cLa Pasi\u00f3n de una Provincia\u201d<\/strong>, y a trav\u00e9s del mismo, se busca representar de manera individual y colectiva el esfuerzo y la voluntad de cada uno de los distintos participantes, destacando la integralidad territorial que genera esta competencia en una provincia tan diversa y heterog\u00e9nea como es Buenos Aires.<\/p>\n<p>&nbsp;<\/p>\n<p>Por su parte, este a\u00f1o la <a href=\"https:\/\/deportes.gba.gob.ar\/torneos-y-eventos-deportivos\/copa-buenos-aires\/\" target=\"_blank\" rel=\"noopener\">Copa Buenos Aires<\/a> se realizar\u00e1 en el marco exclusivo de los Juegos Bonaerenses, sosteniendo as\u00ed la competencia federada.<\/p>\n<p>&nbsp;<\/p>\n","protected":false},"excerpt":{"rendered":"<p>Extienden el plazo de inscripci\u00f3n a los Juegos Bonaerenses 2024. El proceso de inscripci\u00f3n en la edici\u00f3n N\u00b0 33 se realizar\u00e1 en la p\u00e1gina web oficial.<\/p>\n","protected":false},"author":4,"featured_media":10328,"comment_status":"closed","ping_status":"closed","sticky":false,"template":"","format":"standard","meta":{"tdm_status":"","tdm_grid_status":"","footnotes":""},"categories":[17],"tags":[61,103,104,22],"class_list":{"0":"post-10327","1":"post","2":"type-post","3":"status-publish","4":"format-standard","5":"has-post-thumbnail","7":"category-deportes","8":"tag-deportes","9":"tag-inscripcioon","10":"tag-juegos-bonaerense","11":"tag-promocion"},"_links":{"self":[{"href":"https:\/\/diariodelujan.com\/xdeporte\/wp-json\/wp\/v2\/posts\/10327","targetHints":{"allow":["GET"]}}],"collection":[{"href":"https:\/\/diariodelujan.com\/xdeporte\/wp-json\/wp\/v2\/posts"}],"about":[{"href":"https:\/\/diariodelujan.com\/xdeporte\/wp-json\/wp\/v2\/types\/post"}],"author":[{"embeddable":true,"href":"https:\/\/diariodelujan.com\/xdeporte\/wp-json\/wp\/v2\/users\/4"}],"replies":[{"embeddable":true,"href":"https:\/\/diariodelujan.com\/xdeporte\/wp-json\/wp\/v2\/comments?post=10327"}],"version-history":[{"count":1,"href":"https:\/\/diariodelujan.com\/xdeporte\/wp-json\/wp\/v2\/posts\/10327\/revisions"}],"predecessor-version":[{"id":13656,"href":"https:\/\/diariodelujan.com\/xdeporte\/wp-json\/wp\/v2\/posts\/10327\/revisions\/13656"}],"wp:featuredmedia":[{"embeddable":true,"href":"https:\/\/diariodelujan.com\/xdeporte\/wp-json\/wp\/v2\/media\/10328"}],"wp:attachment":[{"href":"https:\/\/diariodelujan.com\/xdeporte\/wp-json\/wp\/v2\/media?parent=10327"}],"wp:term":[{"taxonomy":"category","embeddable":true,"href":"https:\/\/diariodelujan.com\/xdeporte\/wp-json\/wp\/v2\/categories?post=10327"},{"taxonomy":"post_tag","embeddable":true,"href":"https:\/\/diariodelujan.com\/xdeporte\/wp-json\/wp\/v2\/tags?post=10327"}],"curies":[{"name":"wp","href":"https:\/\/api.w.org\/{rel}","templated":true}]}}