{"id":10452,"date":"2024-05-05T19:11:30","date_gmt":"2024-05-05T22:11:30","guid":{"rendered":"https:\/\/www.diariodelujan.com\/?p=10452"},"modified":"2024-05-05T19:11:30","modified_gmt":"2024-05-05T22:11:30","slug":"flandria-cayo-ante-armenio","status":"publish","type":"post","link":"https:\/\/diariodelujan.com\/xdeporte\/flandria-cayo-ante-armenio\/","title":{"rendered":"Flandria cay\u00f3 ante armenio por 2 a 0"},"content":{"rendered":"<p><span style=\"font-family: georgia, palatino, serif; font-size: 14pt;\"><em>En el encuentro de la 15\u00b0 fecha de la B Metro, Flandria no la pas\u00f3 bien en su visita frente a Armenio y perdi\u00f3 2-0 este domingo en el estadio Armenia.<\/em> <\/span><!--more--><\/p>\n<p>[dropcap]T[\/dropcap]ras un paso titubeante en su \u00faltima serie de <a href=\"https:\/\/www.diariodelujan.com\/partido-flandria-y-arg-de-quilmes\/\">partidos<\/a>, Flandria volvi\u00f3 a tropezar este domingo al enfrentarse a Deportivo Armenio. El encuentro, disputado en el mediod\u00eda, termin\u00f3 con una derrota por 2-0 para el equipo de J\u00e1uregui, en un partido marcado por la pol\u00e9mica y la dificultad para encontrar su juego.<\/p>\n<blockquote><p><span style=\"color: #008000;\">Nicol\u00e1s Kresta fue designado como el \u00e1rbitro principal del encuentro en el estadio Armenia.<\/span><\/p><\/blockquote>\n<p>El primer tiempo fue una contienda pareja, con ambos equipos luchando por el control en el mediocampo. Armenio buscaba imponer su estilo de juego, mientras que Flandria apostaba por salidas r\u00e1pidas de contra para encontrar espacios. Sin embargo, el equipo local presion\u00f3 con intensidad y gener\u00f3 dos situaciones de peligro en apenas un minuto. La primera, con un error del arquero que fue salvado sobre la l\u00ednea por Cardozo, y la segunda con un remate de Scarnato que D\u00edaz logr\u00f3 detener.<\/p>\n<p>La visita respondi\u00f3 con una buena combinaci\u00f3n colectiva que culmin\u00f3 en un disparo de Bustamante desde lejos, que no represent\u00f3 mayor peligro para el arquero rival. Del otro lado, Barbieri intent\u00f3 con un disparo que se desvi\u00f3 levemente al palo.<\/p>\n<p>Sin embargo, la situaci\u00f3n se complic\u00f3 para el equipo visitante luego de una serie de incidentes. Un codazo contra Cuenca que el \u00e1rbitro no sancion\u00f3 desencaden\u00f3 en la expulsi\u00f3n de Walter D\u00edaz por protestar, seguida poco despu\u00e9s por la roja directa a Cristian Cuenca por una patada a destiempo.<\/p>\n<p>En el \u00faltimo suspiro del primer tiempo, Armenio estuvo a punto de abrir el marcador con un disparo de Barbieri que fue salvado sobre la l\u00ednea por un defensor de Flandria.<\/p>\n<p>En la segunda mitad, a pesar de jugar con un hombre menos, Flandria parec\u00eda tener controlado el partido. Sin embargo, una jugada individual de Almanza, reci\u00e9n ingresado, desequilibr\u00f3 el encuentro. El habilidoso jugador dej\u00f3 varios rivales en el camino por la izquierda y envi\u00f3 un centro preciso que encontr\u00f3 la cabeza de Lucas Scarnato, quien no perdon\u00f3 y puso el 1-0 a favor de Armenio.<\/p>\n<p>Flandria intent\u00f3 reaccionar en busca del empate, pero Armenio se defendi\u00f3 con solidez, cerrando espacios cerca de su arco. A pesar de algunas oportunidades para el equipo visitante, la falta de precisi\u00f3n impidi\u00f3 que lograran el gol ansiado. En los \u00faltimos minutos, Armenio liquid\u00f3 el partido con un r\u00e1pido contraataque que culmin\u00f3 en el segundo gol, sentenciando as\u00ed la victoria por 2-0 y dejando a Flandria lejos de la pelea en la tabla del torneo Apertura de la B Metro.<\/p>\n<p>El camino hacia la victoria para Dep. Armenio comenz\u00f3 con Lucas Scarnato, quien convirti\u00f3 en el minuto 23 del segundo tiempo. Fabricio L\u00f3pez ampli\u00f3 la ventaja con el segundo gol al minuto 50 de la misma etapa.<\/p>\n<h3><strong><span style=\"font-size: 14pt;\">Las estrategias de Armenio vs. Flandria<\/span><\/strong><\/h3>\n<p>El DT de Armenio, Cristian Tula, par\u00f3 al once inicial con una formaci\u00f3n 4-4-2 con Iv\u00e1n L\u00f3pez en el arco; Fabricio L\u00f3pez, Cristian Ordo\u00f1ez, Alejo Osella y Nahuel Troxler en la l\u00ednea defensiva; Tom\u00e1s Jerez Sayago, Valentino Venetucci, Nahuel Sica y Federico Motta en el medio; y Juan Barbieri y Lucas Scarnato en el ataque.<\/p>\n<p>Por su parte, los elegidos por Walter D\u00edaz salieron al campo de juego con un esquema 4-4-2 con Federico D\u00edaz bajo los tres palos; Alan Maimo, Andr\u00e9s Camacho, Dante Cardozo y Franco Canever en defensa; Mariano Sagristani, Iv\u00e1n Becker, Franco Bustamante y Mat\u00edas L\u00f3pez en la mitad de cancha; y Cristian Cuenca y Juan Cruz Franzoni en la delantera.<\/p>\n<p>En la pr\u00f3xima fecha el canario recibe al cartero en el Carlos V.<\/p>\n","protected":false},"excerpt":{"rendered":"<p>En el encuentro de la 15\u00b0 fecha de la B Metro, Flandria no la pas\u00f3 bien en su visita frente a Armenio y perdi\u00f3 2-0 este domingo en el estadio Armenia.<\/p>\n","protected":false},"author":4,"featured_media":10461,"comment_status":"closed","ping_status":"closed","sticky":false,"template":"","format":"standard","meta":{"tdm_status":"","tdm_grid_status":"","footnotes":""},"categories":[8],"tags":[229,172,173,198,22],"class_list":{"0":"post-10452","1":"post","2":"type-post","3":"status-publish","4":"format-standard","5":"has-post-thumbnail","7":"category-futbol","8":"tag-armenio","9":"tag-flandria","10":"tag-futbol","11":"tag-primera-b","12":"tag-promocion"},"_links":{"self":[{"href":"https:\/\/diariodelujan.com\/xdeporte\/wp-json\/wp\/v2\/posts\/10452","targetHints":{"allow":["GET"]}}],"collection":[{"href":"https:\/\/diariodelujan.com\/xdeporte\/wp-json\/wp\/v2\/posts"}],"about":[{"href":"https:\/\/diariodelujan.com\/xdeporte\/wp-json\/wp\/v2\/types\/post"}],"author":[{"embeddable":true,"href":"https:\/\/diariodelujan.com\/xdeporte\/wp-json\/wp\/v2\/users\/4"}],"replies":[{"embeddable":true,"href":"https:\/\/diariodelujan.com\/xdeporte\/wp-json\/wp\/v2\/comments?post=10452"}],"version-history":[{"count":0,"href":"https:\/\/diariodelujan.com\/xdeporte\/wp-json\/wp\/v2\/posts\/10452\/revisions"}],"wp:featuredmedia":[{"embeddable":true,"href":"https:\/\/diariodelujan.com\/xdeporte\/wp-json\/wp\/v2\/media\/10461"}],"wp:attachment":[{"href":"https:\/\/diariodelujan.com\/xdeporte\/wp-json\/wp\/v2\/media?parent=10452"}],"wp:term":[{"taxonomy":"category","embeddable":true,"href":"https:\/\/diariodelujan.com\/xdeporte\/wp-json\/wp\/v2\/categories?post=10452"},{"taxonomy":"post_tag","embeddable":true,"href":"https:\/\/diariodelujan.com\/xdeporte\/wp-json\/wp\/v2\/tags?post=10452"}],"curies":[{"name":"wp","href":"https:\/\/api.w.org\/{rel}","templated":true}]}}