{"id":10771,"date":"2024-05-11T19:36:27","date_gmt":"2024-05-11T22:36:27","guid":{"rendered":"https:\/\/www.diariodelujan.com\/?p=10771"},"modified":"2024-05-11T19:36:27","modified_gmt":"2024-05-11T22:36:27","slug":"el-canario-vs-comunicaciones","status":"publish","type":"post","link":"https:\/\/diariodelujan.com\/xdeporte\/el-canario-vs-comunicaciones\/","title":{"rendered":"El Canario se medir\u00e1 ante Comunicaciones"},"content":{"rendered":"<p><span style=\"font-family: georgia, palatino, serif; font-size: 14pt;\"><em>Este domingo se vivir\u00e1 un enfrentamiento crucial para el Canario en el Estadio Carlos V cuando reciba a Comunicaciones por la fecha 16 del Apertura.<\/em><\/span><\/p>\n<p><!--more--><\/p>\n<p><img loading=\"lazy\" decoding=\"async\" class=\"aligncenter wp-image-10774 size-full\" src=\"https:\/\/diariodelujan.com\/xdeporte\/wp-content\/uploads\/2024\/05\/previa-flandria-comunicaciones.webp\" alt=\"El Canario se medir\u00e1 ante Comunicaciones\" width=\"817\" height=\"460\" title=\"\" srcset=\"https:\/\/diariodelujan.com\/xdeporte\/wp-content\/uploads\/2024\/05\/previa-flandria-comunicaciones.webp 817w, https:\/\/diariodelujan.com\/xdeporte\/wp-content\/uploads\/2024\/05\/previa-flandria-comunicaciones-300x169.webp 300w, https:\/\/diariodelujan.com\/xdeporte\/wp-content\/uploads\/2024\/05\/previa-flandria-comunicaciones-768x432.webp 768w, https:\/\/diariodelujan.com\/xdeporte\/wp-content\/uploads\/2024\/05\/previa-flandria-comunicaciones-746x420.webp 746w, https:\/\/diariodelujan.com\/xdeporte\/wp-content\/uploads\/2024\/05\/previa-flandria-comunicaciones-696x392.webp 696w\" sizes=\"auto, (max-width: 817px) 100vw, 817px\" \/><\/p>\n<p>[dropcap]E[\/dropcap]l encuentro, programado para 15:30 y con el arbitraje de Gonzalo Pereira, ser\u00e1 un desaf\u00edo para el <a href=\"https:\/\/www.facebook.com\/ClubsydFlandria\" target=\"_blank\" rel=\"noopener\"><em>Canario<\/em> <\/a>en su b\u00fasqueda por escalar posiciones en la tabla de la Primera B Metropolitana.<\/p>\n<h3><strong><span style=\"font-size: 14pt;\">Como viene el <em>Canario<\/em><\/span><\/strong><\/h3>\n<p>Flandria, que viene de caer ante Deportivo Armenio, est\u00e1 decidido a volver a la senda de la victoria frente a su gente. Con un plantel comprometido por la expulsi\u00f3n de Cuenca la fecha pasada, el equipo dirigido por Walter D\u00edaz buscar\u00e1 imponer su dominio desde el primer minuto para sumar tres puntos vitales para sumarse a la pelea por los primeros puestos de la tabla.<\/p>\n<p>Por su parte, Comunicaciones llega a este encuentro tras una victoria en casa contra Villa San Carlos por la m\u00ednima diferencia y est\u00e1 ansioso por mantener su buen momento. Con un juego s\u00f3lido y una defensa organizada, el equipo visitante intentar\u00e1 aprovechar cualquier oportunidad para llevarse la victoria en terreno ajeno.<\/p>\n<p>En el \u00faltimo encuentro entre ambos conjuntos el <em>Canario<\/em> se qued\u00f3 con el triunfo. Sin embargo, el contexto actual es otro y en esta ocasi\u00f3n es la visita quien llega se encuentra en un mejor presente. Por eso, se espera un partido disputado, con momentos de alta tensi\u00f3n en ambos lados del campo.<\/p>\n","protected":false},"excerpt":{"rendered":"<p>Este domingo se vivir\u00e1 un enfrentamiento crucial para el Canario en el Estadio Carlos V cuando reciba a Comunicaciones por la fecha 16 del Apertura.<\/p>\n","protected":false},"author":4,"featured_media":10774,"comment_status":"closed","ping_status":"closed","sticky":false,"template":"","format":"standard","meta":{"tdm_status":"","tdm_grid_status":"","footnotes":""},"categories":[8],"tags":[171,230,172,173,198],"class_list":{"0":"post-10771","1":"post","2":"type-post","3":"status-publish","4":"format-standard","5":"has-post-thumbnail","7":"category-futbol","8":"tag-canario","9":"tag-comunicaciones","10":"tag-flandria","11":"tag-futbol","12":"tag-primera-b"},"_links":{"self":[{"href":"https:\/\/diariodelujan.com\/xdeporte\/wp-json\/wp\/v2\/posts\/10771","targetHints":{"allow":["GET"]}}],"collection":[{"href":"https:\/\/diariodelujan.com\/xdeporte\/wp-json\/wp\/v2\/posts"}],"about":[{"href":"https:\/\/diariodelujan.com\/xdeporte\/wp-json\/wp\/v2\/types\/post"}],"author":[{"embeddable":true,"href":"https:\/\/diariodelujan.com\/xdeporte\/wp-json\/wp\/v2\/users\/4"}],"replies":[{"embeddable":true,"href":"https:\/\/diariodelujan.com\/xdeporte\/wp-json\/wp\/v2\/comments?post=10771"}],"version-history":[{"count":0,"href":"https:\/\/diariodelujan.com\/xdeporte\/wp-json\/wp\/v2\/posts\/10771\/revisions"}],"wp:featuredmedia":[{"embeddable":true,"href":"https:\/\/diariodelujan.com\/xdeporte\/wp-json\/wp\/v2\/media\/10774"}],"wp:attachment":[{"href":"https:\/\/diariodelujan.com\/xdeporte\/wp-json\/wp\/v2\/media?parent=10771"}],"wp:term":[{"taxonomy":"category","embeddable":true,"href":"https:\/\/diariodelujan.com\/xdeporte\/wp-json\/wp\/v2\/categories?post=10771"},{"taxonomy":"post_tag","embeddable":true,"href":"https:\/\/diariodelujan.com\/xdeporte\/wp-json\/wp\/v2\/tags?post=10771"}],"curies":[{"name":"wp","href":"https:\/\/api.w.org\/{rel}","templated":true}]}}