{"id":10777,"date":"2024-05-12T19:49:40","date_gmt":"2024-05-12T22:49:40","guid":{"rendered":"https:\/\/www.diariodelujan.com\/?p=10777"},"modified":"2024-05-12T19:49:40","modified_gmt":"2024-05-12T22:49:40","slug":"flandria-vuelve-a-sumar-de-a-tres","status":"publish","type":"post","link":"https:\/\/diariodelujan.com\/xdeporte\/flandria-vuelve-a-sumar-de-a-tres\/","title":{"rendered":"Flandria fue superior ante Comunicaciones y vuelve a sumar de a tres"},"content":{"rendered":"<p><span style=\"font-family: georgia, palatino, serif; font-size: 14pt;\"><em>Por la fecha 16 del Apertura, Flandria derrot\u00f3 a Comunicaciones por 2 a 0, con goles de Juan Cabrera y Juan Cruz Franzoni. El pr\u00f3ximo encuentro ser\u00e1 ante Liniers de visitante.<\/em><\/span><\/p>\n<p><!--more--><\/p>\n<p><img loading=\"lazy\" decoding=\"async\" class=\"size-full wp-image-10781 aligncenter\" src=\"https:\/\/diariodelujan.com\/xdeporte\/wp-content\/uploads\/2024\/05\/flandria-comu.webp\" alt=\"\" width=\"817\" height=\"460\" title=\"\" srcset=\"https:\/\/diariodelujan.com\/xdeporte\/wp-content\/uploads\/2024\/05\/flandria-comu.webp 817w, https:\/\/diariodelujan.com\/xdeporte\/wp-content\/uploads\/2024\/05\/flandria-comu-300x169.webp 300w, https:\/\/diariodelujan.com\/xdeporte\/wp-content\/uploads\/2024\/05\/flandria-comu-768x432.webp 768w, https:\/\/diariodelujan.com\/xdeporte\/wp-content\/uploads\/2024\/05\/flandria-comu-746x420.webp 746w, https:\/\/diariodelujan.com\/xdeporte\/wp-content\/uploads\/2024\/05\/flandria-comu-696x392.webp 696w\" sizes=\"auto, (max-width: 817px) 100vw, 817px\" \/><\/p>\n<p>[dropcap]E[\/dropcap]n una jornada gris y con llovizna, <a href=\"https:\/\/www.facebook.com\/ClubsydFlandria\" target=\"_blank\" rel=\"noopener\">Flandria<\/a> logr\u00f3 sacudirse de una serie de resultados adversos para alzarse con una merecida victoria ante Comunicaciones en el estadio Carlos V, en el partido correspondiente a la 16\u00b0 fecha de la Primera B.<\/p>\n<p>El encuentro se perfilaba como una oportunidad crucial para Flandria, luego de su ca\u00edda ante Deportivo Armenio en la jornada anterior. Conscientes de la importancia del resultado, los dirigidos por Walter D\u00edaz salieron al campo de juego con una determinaci\u00f3n palpable desde los primeros minutos.<\/p>\n<h3><strong><span style=\"font-size: 14pt;\">El desempe\u00f1o de Flandria en los 90 minutos<\/span><\/strong><\/h3>\n<p>El inicio del partido se caracteriz\u00f3 por la intensidad del local, que atac\u00f3 con ferocidad desde el pitido inicial. Fue as\u00ed como, a tan solo 8 minutos de juego, Juan Cabrera capitaliz\u00f3 un centro preciso desde la izquierda para colocar el marcador 1 a 0 a favor de Flandria.<\/p>\n<p>Sin dar tregua a su rival, el Canario ampli\u00f3 su ventaja a los 26 minutos gracias a una buena presi\u00f3n de Juan Cruz Franzoni que, oportunamente, aprovech\u00f3 un error del arquero de <em>Comu<\/em> para aumentar la diferencia y llevar el marcador a 2 a 0, desatando la euforia de la hinchada.<\/p>\n<p>A pesar de los esfuerzos de Comunicaciones por revertir la situaci\u00f3n, Flandria supo jugar bien sus cartas. La defensa se mostr\u00f3 s\u00f3lida y concentrada, desbaratando cualquier intento de avance por parte de la visita.<\/p>\n<p>En el segundo tiempo, Flandria continu\u00f3 demostrando su superioridad en el campo de juego. Aunque Comunicaciones se acerc\u00f3 al descuento con un gol que se perdi\u00f3 Lucas Vallejo en el \u00e1rea chica canaria, careci\u00f3 de la claridad necesaria para vulnerar la porter\u00eda defendida por D\u00edaz.<\/p>\n<p>Luego, tras una fuerte infracci\u00f3n, Cipriano Treppo vio la tarjeta roja en el mejor momento de Comunicaciones, hecho que sentenci\u00f3 pr\u00e1cticamente el destino del partido.<\/p>\n<p>Con este triunfo, Flandria no solo se reencuentra con la senda del \u00e9xito, sino que tambi\u00e9n escala posiciones en la tabla, ubic\u00e1ndose ahora en el 8\u00b0 puesto y manteniendo viva su ilusi\u00f3n de alcanzar los primeros lugares.<\/p>\n<p>El pr\u00f3ximo rival del Canario ser\u00e1 Liniers, a quien deber\u00e1 enfrentar en condici\u00f3n de visitante por la fecha 17.<\/p>\n","protected":false},"excerpt":{"rendered":"<p>Por la fecha 16 del Apertura, Flandria derrot\u00f3 a Comunicaciones por 2 a 0, con goles de Juan Cabrera y Juan Cruz Franzoni. El pr\u00f3ximo encuentro ser\u00e1 ante Liniers de visitante.<\/p>\n","protected":false},"author":4,"featured_media":10781,"comment_status":"closed","ping_status":"closed","sticky":false,"template":"","format":"standard","meta":{"tdm_status":"","tdm_grid_status":"","footnotes":""},"categories":[8],"tags":[171,230,172,173,198,22],"class_list":{"0":"post-10777","1":"post","2":"type-post","3":"status-publish","4":"format-standard","5":"has-post-thumbnail","7":"category-futbol","8":"tag-canario","9":"tag-comunicaciones","10":"tag-flandria","11":"tag-futbol","12":"tag-primera-b","13":"tag-promocion"},"_links":{"self":[{"href":"https:\/\/diariodelujan.com\/xdeporte\/wp-json\/wp\/v2\/posts\/10777","targetHints":{"allow":["GET"]}}],"collection":[{"href":"https:\/\/diariodelujan.com\/xdeporte\/wp-json\/wp\/v2\/posts"}],"about":[{"href":"https:\/\/diariodelujan.com\/xdeporte\/wp-json\/wp\/v2\/types\/post"}],"author":[{"embeddable":true,"href":"https:\/\/diariodelujan.com\/xdeporte\/wp-json\/wp\/v2\/users\/4"}],"replies":[{"embeddable":true,"href":"https:\/\/diariodelujan.com\/xdeporte\/wp-json\/wp\/v2\/comments?post=10777"}],"version-history":[{"count":0,"href":"https:\/\/diariodelujan.com\/xdeporte\/wp-json\/wp\/v2\/posts\/10777\/revisions"}],"wp:featuredmedia":[{"embeddable":true,"href":"https:\/\/diariodelujan.com\/xdeporte\/wp-json\/wp\/v2\/media\/10781"}],"wp:attachment":[{"href":"https:\/\/diariodelujan.com\/xdeporte\/wp-json\/wp\/v2\/media?parent=10777"}],"wp:term":[{"taxonomy":"category","embeddable":true,"href":"https:\/\/diariodelujan.com\/xdeporte\/wp-json\/wp\/v2\/categories?post=10777"},{"taxonomy":"post_tag","embeddable":true,"href":"https:\/\/diariodelujan.com\/xdeporte\/wp-json\/wp\/v2\/tags?post=10777"}],"curies":[{"name":"wp","href":"https:\/\/api.w.org\/{rel}","templated":true}]}}