{"id":10830,"date":"2024-05-15T11:41:20","date_gmt":"2024-05-15T14:41:20","guid":{"rendered":"https:\/\/www.diariodelujan.com\/?p=10830"},"modified":"2024-05-15T11:41:20","modified_gmt":"2024-05-15T14:41:20","slug":"el-lujanero-va-por-los-tres-puntos","status":"publish","type":"post","link":"https:\/\/diariodelujan.com\/xdeporte\/el-lujanero-va-por-los-tres-puntos\/","title":{"rendered":"El Lujanero va por los tres puntos ante Central Ballester"},"content":{"rendered":"<p><span style=\"font-family: georgia, palatino, serif; font-size: 14pt;\"><em>Por la fecha 17 del Apertura, el Lujanero visitar\u00e1 a Central Ballester en el predio Cacique este mi\u00e9rcoles, a partir de las 15:30 horas.<\/em><\/span><\/p>\n<p><!--more--><\/p>\n<p><img loading=\"lazy\" decoding=\"async\" class=\"aligncenter wp-image-10833 size-full\" src=\"https:\/\/diariodelujan.com\/xdeporte\/wp-content\/uploads\/2024\/05\/previa-ballester-lujan.webp\" alt=\"El Lujanero va por los tres puntos ante Central Ballester\" width=\"800\" height=\"578\" title=\"\" srcset=\"https:\/\/diariodelujan.com\/xdeporte\/wp-content\/uploads\/2024\/05\/previa-ballester-lujan.webp 800w, https:\/\/diariodelujan.com\/xdeporte\/wp-content\/uploads\/2024\/05\/previa-ballester-lujan-300x217.webp 300w, https:\/\/diariodelujan.com\/xdeporte\/wp-content\/uploads\/2024\/05\/previa-ballester-lujan-768x555.webp 768w, https:\/\/diariodelujan.com\/xdeporte\/wp-content\/uploads\/2024\/05\/previa-ballester-lujan-581x420.webp 581w, https:\/\/diariodelujan.com\/xdeporte\/wp-content\/uploads\/2024\/05\/previa-ballester-lujan-696x503.webp 696w\" sizes=\"auto, (max-width: 800px) 100vw, 800px\" \/><\/p>\n<p>[dropcap]E[\/dropcap]n el compromiso correspondiente a la fecha 17 del torneo de la Primera C, Central Ballester se enfrentar\u00e1 al <a href=\"https:\/\/www.facebook.com\/www.clublujan.com.ar\" target=\"_blank\" rel=\"noopener\">Club Luj\u00e1n<\/a> en el predio Cacique. La jornada est\u00e1 programada para este mi\u00e9rcoles a las 15:30 horas, con el arbitraje de Juli\u00e1n Beligoy.<\/p>\n<p>Los Canallas llegan a este enfrentamiento con un triunfo ante Sportivo Barracas por 2 a 1. En los 15 encuentros que lleva disputado, cosech\u00f3 5 victorias, 5 empates y 5 derrotas, que suman un total de 20 puntos de 45 posibles.<\/p>\n<p>Por otro lado, el Luj\u00e1n llega al partido con sed de revancha. En las 16 fechas que jug\u00f3 en esta temporada, el equipo a\u00fan no ha sido derrotado como local, sin embargo, a la hora de visitar cancha ajena ha sufrido derrotas en 5 de los 7 partidos.<\/p>\n<h3><span style=\"font-size: 14pt;\"><strong>El Lujanero y el Canalla no se cruzaban desde 1996<\/strong><\/span><\/h3>\n<p>Un enfrentamiento como este no ocurr\u00eda desde la temporada 1996\/1997, cuando en aquella \u00e9poca el Canalla ascendi\u00f3 por primera vez en su historia a la Primera C. Tras una mala campa\u00f1a y una quita de puntos por incidentes con la hinchada, qued\u00f3 \u00faltimo en la tabla de los promedios y cay\u00f3 a la primera D, no sin antes golear al Lujanero por 5 a 2.<\/p>\n","protected":false},"excerpt":{"rendered":"<p>Por la fecha 17 del Apertura, el Lujanero visitar\u00e1 a Central Ballester en el predio Cacique este mi\u00e9rcoles, a partir de las 15:30 horas.<\/p>\n","protected":false},"author":4,"featured_media":10833,"comment_status":"closed","ping_status":"closed","sticky":false,"template":"","format":"standard","meta":{"tdm_status":"","tdm_grid_status":"","footnotes":""},"categories":[8],"tags":[231,173,117,130],"class_list":{"0":"post-10830","1":"post","2":"type-post","3":"status-publish","4":"format-standard","5":"has-post-thumbnail","7":"category-futbol","8":"tag-central-ballester","9":"tag-futbol","10":"tag-lujan","11":"tag-primera-c"},"_links":{"self":[{"href":"https:\/\/diariodelujan.com\/xdeporte\/wp-json\/wp\/v2\/posts\/10830","targetHints":{"allow":["GET"]}}],"collection":[{"href":"https:\/\/diariodelujan.com\/xdeporte\/wp-json\/wp\/v2\/posts"}],"about":[{"href":"https:\/\/diariodelujan.com\/xdeporte\/wp-json\/wp\/v2\/types\/post"}],"author":[{"embeddable":true,"href":"https:\/\/diariodelujan.com\/xdeporte\/wp-json\/wp\/v2\/users\/4"}],"replies":[{"embeddable":true,"href":"https:\/\/diariodelujan.com\/xdeporte\/wp-json\/wp\/v2\/comments?post=10830"}],"version-history":[{"count":0,"href":"https:\/\/diariodelujan.com\/xdeporte\/wp-json\/wp\/v2\/posts\/10830\/revisions"}],"wp:featuredmedia":[{"embeddable":true,"href":"https:\/\/diariodelujan.com\/xdeporte\/wp-json\/wp\/v2\/media\/10833"}],"wp:attachment":[{"href":"https:\/\/diariodelujan.com\/xdeporte\/wp-json\/wp\/v2\/media?parent=10830"}],"wp:term":[{"taxonomy":"category","embeddable":true,"href":"https:\/\/diariodelujan.com\/xdeporte\/wp-json\/wp\/v2\/categories?post=10830"},{"taxonomy":"post_tag","embeddable":true,"href":"https:\/\/diariodelujan.com\/xdeporte\/wp-json\/wp\/v2\/tags?post=10830"}],"curies":[{"name":"wp","href":"https:\/\/api.w.org\/{rel}","templated":true}]}}