{"id":10855,"date":"2024-05-15T19:09:34","date_gmt":"2024-05-15T22:09:34","guid":{"rendered":"https:\/\/www.diariodelujan.com\/?p=10855"},"modified":"2024-05-15T19:09:34","modified_gmt":"2024-05-15T22:09:34","slug":"lujan-y-ballester-sin-goles","status":"publish","type":"post","link":"https:\/\/diariodelujan.com\/xdeporte\/lujan-y-ballester-sin-goles\/","title":{"rendered":"Luj\u00e1n y Ballester igualaron sin goles"},"content":{"rendered":"<p><span style=\"font-family: georgia, palatino, serif; font-size: 14pt;\"><em>Este mi\u00e9rcoles, Luj\u00e1n igual\u00f3 con Ballester sin goles, en el encuentro correspondiente a la fecha 17 y lleva ya tres fechas sin victorias.<\/em><\/span><\/p>\n<p><!--more--><\/p>\n<p>[dropcap]P[\/dropcap]or la 17\u00b0 fecha de la Primera C, el equipo de <a href=\"https:\/\/www.facebook.com\/www.clublujan.com.ar\" target=\"_blank\" rel=\"noopener\">Luj\u00e1n<\/a> se enfrent\u00f3 a Central Ballester en busca de retomar la senda del triunfo. Sin embargo, el resultado final fue un empate sin goles que deja un sabor agridulce para los dirigidos por Gerardo Garate.<\/p>\n<h3><img loading=\"lazy\" decoding=\"async\" class=\"alignnone size-full wp-image-10859\" src=\"https:\/\/diariodelujan.com\/xdeporte\/wp-content\/uploads\/2024\/05\/ballester-lujan.webp\" alt=\"\" width=\"800\" height=\"576\" title=\"\" srcset=\"https:\/\/diariodelujan.com\/xdeporte\/wp-content\/uploads\/2024\/05\/ballester-lujan.webp 800w, https:\/\/diariodelujan.com\/xdeporte\/wp-content\/uploads\/2024\/05\/ballester-lujan-300x216.webp 300w, https:\/\/diariodelujan.com\/xdeporte\/wp-content\/uploads\/2024\/05\/ballester-lujan-768x553.webp 768w, https:\/\/diariodelujan.com\/xdeporte\/wp-content\/uploads\/2024\/05\/ballester-lujan-583x420.webp 583w, https:\/\/diariodelujan.com\/xdeporte\/wp-content\/uploads\/2024\/05\/ballester-lujan-696x501.webp 696w\" sizes=\"auto, (max-width: 800px) 100vw, 800px\" \/><\/h3>\n<h3><strong><span style=\"font-size: 14pt;\">El partido de Luj\u00e1n<\/span><\/strong><\/h3>\n<p>Desde el inicio, Luj\u00e1n mostr\u00f3 una actitud ofensiva, siendo levemente superior en el primer tiempo. Eladio Ramos fue uno de los jugadores m\u00e1s activos, generando ocasiones de peligro en el \u00e1rea rival. Sin embargo, a pesar de las oportunidades, el gol se le neg\u00f3 al conjunto visitante.<\/p>\n<p>En el segundo tiempo, el equipo mantuvo su b\u00fasqueda del triunfo, realizando cambios para darle mayor dinamismo al juego. A pesar de los esfuerzos y algunas oportunidades claras, Luj\u00e1n careci\u00f3 de variantes y profundidad en los metros finales, lo que le impidi\u00f3 concretar la victoria.<\/p>\n<p>El resultado deja a Luj\u00e1n con un punto que no es suficiente para acercarse a los primeros puestos en la tabla. Con la oportunidad de revancha en cuatro d\u00edas, cuando reciban a Alem, el equipo buscar\u00e1 recuperarse y sumar de a tres puntos en el cl\u00e1sico.<\/p>\n","protected":false},"excerpt":{"rendered":"<p>Este mi\u00e9rcoles, Luj\u00e1n igual\u00f3 con Ballester sin goles, en el encuentro correspondiente a la fecha 17 y lleva ya tres fechas sin victorias.<\/p>\n","protected":false},"author":4,"featured_media":10859,"comment_status":"closed","ping_status":"closed","sticky":false,"template":"","format":"standard","meta":{"tdm_status":"","tdm_grid_status":"","footnotes":""},"categories":[8],"tags":[232,173,117,130,22],"class_list":{"0":"post-10855","1":"post","2":"type-post","3":"status-publish","4":"format-standard","5":"has-post-thumbnail","7":"category-futbol","8":"tag-ballester","9":"tag-futbol","10":"tag-lujan","11":"tag-primera-c","12":"tag-promocion"},"_links":{"self":[{"href":"https:\/\/diariodelujan.com\/xdeporte\/wp-json\/wp\/v2\/posts\/10855","targetHints":{"allow":["GET"]}}],"collection":[{"href":"https:\/\/diariodelujan.com\/xdeporte\/wp-json\/wp\/v2\/posts"}],"about":[{"href":"https:\/\/diariodelujan.com\/xdeporte\/wp-json\/wp\/v2\/types\/post"}],"author":[{"embeddable":true,"href":"https:\/\/diariodelujan.com\/xdeporte\/wp-json\/wp\/v2\/users\/4"}],"replies":[{"embeddable":true,"href":"https:\/\/diariodelujan.com\/xdeporte\/wp-json\/wp\/v2\/comments?post=10855"}],"version-history":[{"count":0,"href":"https:\/\/diariodelujan.com\/xdeporte\/wp-json\/wp\/v2\/posts\/10855\/revisions"}],"wp:featuredmedia":[{"embeddable":true,"href":"https:\/\/diariodelujan.com\/xdeporte\/wp-json\/wp\/v2\/media\/10859"}],"wp:attachment":[{"href":"https:\/\/diariodelujan.com\/xdeporte\/wp-json\/wp\/v2\/media?parent=10855"}],"wp:term":[{"taxonomy":"category","embeddable":true,"href":"https:\/\/diariodelujan.com\/xdeporte\/wp-json\/wp\/v2\/categories?post=10855"},{"taxonomy":"post_tag","embeddable":true,"href":"https:\/\/diariodelujan.com\/xdeporte\/wp-json\/wp\/v2\/tags?post=10855"}],"curies":[{"name":"wp","href":"https:\/\/api.w.org\/{rel}","templated":true}]}}