{"id":11015,"date":"2024-05-18T19:09:56","date_gmt":"2024-05-18T22:09:56","guid":{"rendered":"https:\/\/www.diariodelujan.com\/?p=11015"},"modified":"2024-05-18T19:09:56","modified_gmt":"2024-05-18T22:09:56","slug":"flandria-derroto-a-liniers","status":"publish","type":"post","link":"https:\/\/diariodelujan.com\/xdeporte\/flandria-derroto-a-liniers\/","title":{"rendered":"Flandria derrot\u00f3 a Liniers y se trajo los tres puntos a casa"},"content":{"rendered":"<p><span style=\"font-family: georgia, palatino, serif; font-size: 14pt;\"><em>Por la fecha 17 de la Primera B, Flandria super\u00f3 este s\u00e1bado a Liniers por 1 a 0 con tanto de Z\u00e1rate. El triunfo ubic\u00f3 al Canario en la sexta posici\u00f3n.<\/em><\/span><\/p>\n<p><!--more--><\/p>\n<p><img loading=\"lazy\" decoding=\"async\" class=\"alignnone size-full wp-image-11018\" src=\"https:\/\/diariodelujan.com\/xdeporte\/wp-content\/uploads\/2024\/05\/liniers-flandria.webp\" alt=\"\" width=\"800\" height=\"533\" title=\"\" srcset=\"https:\/\/diariodelujan.com\/xdeporte\/wp-content\/uploads\/2024\/05\/liniers-flandria.webp 800w, https:\/\/diariodelujan.com\/xdeporte\/wp-content\/uploads\/2024\/05\/liniers-flandria-300x200.webp 300w, https:\/\/diariodelujan.com\/xdeporte\/wp-content\/uploads\/2024\/05\/liniers-flandria-768x512.webp 768w, https:\/\/diariodelujan.com\/xdeporte\/wp-content\/uploads\/2024\/05\/liniers-flandria-630x420.webp 630w, https:\/\/diariodelujan.com\/xdeporte\/wp-content\/uploads\/2024\/05\/liniers-flandria-696x464.webp 696w\" sizes=\"auto, (max-width: 800px) 100vw, 800px\" \/><\/p>\n<p>En el estadio Juan Antonio Arias, <a href=\"https:\/\/www.facebook.com\/ClubsydFlandria\" target=\"_blank\" rel=\"noopener\">Flandria<\/a> logr\u00f3 una importante victoria sobre Liniers gracias al solitario gol de Juan Pablo Z\u00e1rate. El equipo dirigido por Walter Diaz se qued\u00f3 con los tres puntos, escalando hasta el sexto puesto en la tabla de posiciones.<\/p>\n<p>Desde el primer minuto, el equipo visitante mostr\u00f3 una leve superioridad sobre el local, quien luchaba por encontrar su ritmo en el campo de juego.<\/p>\n<p>A pesar de algunos intentos por parte de ambos equipos, las llegadas peligrosas fueron escasas en la primera mitad. Mariano Sagristani tuvo una oportunidad clara para Flandria, pero su remate fue detenido por el uno de Liniers, Hugo Acevedo. Mientras tanto, un disparo de Cristian Barrios amenaz\u00f3 el arco defendido por Federico D\u00edaz, pero se fue desviado.<\/p>\n<h3><strong><span style=\"font-size: 14pt;\">Flandria fue superior en la segunda mitad<\/span><\/strong><\/h3>\n<p>En el segundo tiempo fue Flandria quien logr\u00f3 romper el empate del encuentro. Un disparo desde larga distancia de Franco Bustamante fue respondido por un rechaz\u00f3 de Acevedo, sin embargo, la pelota qued\u00f3 en los pies de Juan Pablo Z\u00e1rate, quien no dud\u00f3 y marc\u00f3 el \u00fanico gol del partido.<\/p>\n<p>Con la ventaja a su favor, Flandria supo controlar el ritmo del juego, manteniendo a raya a un Liniers que no pudo hallar el empate. El Canario mantuvo su concentraci\u00f3n y asegur\u00f3 los tres puntos, consolidando su posici\u00f3n en la tabla y alimentando las esperanzas por el t\u00edtulo.<\/p>\n<p>Con esta victoria, Flandria contin\u00faa su camino en el torneo con un impulso renovado. En la pr\u00f3xima cita, recibir\u00e1 a Argentino de Merlo en el Carlos V.<\/p>\n","protected":false},"excerpt":{"rendered":"<p>Por la fecha 17 de la Primera B, Flandria super\u00f3 este s\u00e1bado a Liniers por 1 a 0 con tanto de Z\u00e1rate. El triunfo ubic\u00f3 al Canario en la sexta posici\u00f3n.<\/p>\n","protected":false},"author":4,"featured_media":11018,"comment_status":"closed","ping_status":"closed","sticky":false,"template":"","format":"standard","meta":{"tdm_status":"","tdm_grid_status":"","footnotes":""},"categories":[8],"tags":[171,172,173,233,198],"class_list":{"0":"post-11015","1":"post","2":"type-post","3":"status-publish","4":"format-standard","5":"has-post-thumbnail","7":"category-futbol","8":"tag-canario","9":"tag-flandria","10":"tag-futbol","11":"tag-liniers","12":"tag-primera-b"},"_links":{"self":[{"href":"https:\/\/diariodelujan.com\/xdeporte\/wp-json\/wp\/v2\/posts\/11015","targetHints":{"allow":["GET"]}}],"collection":[{"href":"https:\/\/diariodelujan.com\/xdeporte\/wp-json\/wp\/v2\/posts"}],"about":[{"href":"https:\/\/diariodelujan.com\/xdeporte\/wp-json\/wp\/v2\/types\/post"}],"author":[{"embeddable":true,"href":"https:\/\/diariodelujan.com\/xdeporte\/wp-json\/wp\/v2\/users\/4"}],"replies":[{"embeddable":true,"href":"https:\/\/diariodelujan.com\/xdeporte\/wp-json\/wp\/v2\/comments?post=11015"}],"version-history":[{"count":0,"href":"https:\/\/diariodelujan.com\/xdeporte\/wp-json\/wp\/v2\/posts\/11015\/revisions"}],"wp:featuredmedia":[{"embeddable":true,"href":"https:\/\/diariodelujan.com\/xdeporte\/wp-json\/wp\/v2\/media\/11018"}],"wp:attachment":[{"href":"https:\/\/diariodelujan.com\/xdeporte\/wp-json\/wp\/v2\/media?parent=11015"}],"wp:term":[{"taxonomy":"category","embeddable":true,"href":"https:\/\/diariodelujan.com\/xdeporte\/wp-json\/wp\/v2\/categories?post=11015"},{"taxonomy":"post_tag","embeddable":true,"href":"https:\/\/diariodelujan.com\/xdeporte\/wp-json\/wp\/v2\/tags?post=11015"}],"curies":[{"name":"wp","href":"https:\/\/api.w.org\/{rel}","templated":true}]}}