{"id":11046,"date":"2024-05-19T20:14:23","date_gmt":"2024-05-19T23:14:23","guid":{"rendered":"https:\/\/www.diariodelujan.com\/?p=11046"},"modified":"2024-05-19T20:14:23","modified_gmt":"2024-05-19T23:14:23","slug":"lujan-recibira-a-su-clasico-rival","status":"publish","type":"post","link":"https:\/\/diariodelujan.com\/xdeporte\/lujan-recibira-a-su-clasico-rival\/","title":{"rendered":"Luj\u00e1n recibir\u00e1 a su cl\u00e1sico rival por primera vez en el 1\u00b0 de Abril"},"content":{"rendered":"<p><span style=\"font-family: georgia, palatino, serif; font-size: 14pt;\"><em>Este lunes a las 15:30, Luj\u00e1n recibir\u00e1 a su cl\u00e1sico rival, Alem, en el estadio 1\u00b0 de Abril con la presencia de su hinchada.<\/em><\/span><\/p>\n<p><!--more--><\/p>\n<p><img loading=\"lazy\" decoding=\"async\" class=\"size-full wp-image-11049 aligncenter\" src=\"https:\/\/diariodelujan.com\/xdeporte\/wp-content\/uploads\/2024\/05\/previa-lujan-alem-2024.webp\" alt=\"\" width=\"800\" height=\"578\" title=\"\" srcset=\"https:\/\/diariodelujan.com\/xdeporte\/wp-content\/uploads\/2024\/05\/previa-lujan-alem-2024.webp 800w, https:\/\/diariodelujan.com\/xdeporte\/wp-content\/uploads\/2024\/05\/previa-lujan-alem-2024-300x217.webp 300w, https:\/\/diariodelujan.com\/xdeporte\/wp-content\/uploads\/2024\/05\/previa-lujan-alem-2024-768x555.webp 768w, https:\/\/diariodelujan.com\/xdeporte\/wp-content\/uploads\/2024\/05\/previa-lujan-alem-2024-581x420.webp 581w, https:\/\/diariodelujan.com\/xdeporte\/wp-content\/uploads\/2024\/05\/previa-lujan-alem-2024-696x503.webp 696w\" sizes=\"auto, (max-width: 800px) 100vw, 800px\" \/><\/p>\n<p>[dropcap]E[\/dropcap]n el marco de la fecha 18 del Apertura, Luj\u00e1n ser\u00e1 anfitri\u00f3n de Alem por primera vez en el estadio 1\u00b0 de Abril. El partido se jugar\u00e1 el lunes a las 15:30 hs y contar\u00e1 con el arbitraje de Adri\u00e1n N\u00fa\u00f1ez Rodr\u00edguez.<\/p>\n<p>\u201cDespu\u00e9s del lamentable hecho del partido del 10 de julio de 2022 no pudimos volver a jugar frente a Alem de local y con nuestra gente, por lo que celebramos que tras 2 a\u00f1os de mucho esfuerzo de nuestra parte podamos lograr que este partido se juegue en nuestra casa\u201d dijo el presidente del Club Luj\u00e1n.<\/p>\n<h3><strong><span style=\"font-size: 14pt;\">Como ir a ver a Luj\u00e1n el lunes<\/span><\/strong><\/h3>\n<p>El club ha hecho p\u00fablico un aviso para los interesados en ir a ver al <em>Lujanero<\/em>:<\/p>\n<p>El lunes 20 la Boleter\u00eda del Estadio 1ro de Abril abrir\u00e1 a partir de las 13 horas, la misma se encuentra ubicada en la esquina de Ruta 5 y El Pechito Colorado.<\/p>\n<p>Los SOCIOS, con cuota al d\u00eda y presentando su carnet deber\u00e1n retirar su entrada.<br \/>\nSi NO sos SOCIO, tambi\u00e9n podes adquirir tu entrada, presentando tu DNI, en los puntos mencionados anteriormente. Valores de Entradas:<br \/>\n-General: $7.000<br \/>\n-Damas\/Jubilados: $5.000.<br \/>\n-Menores (1 a\u00f1o hasta 11 a\u00f1os): $3.500.<\/p>\n<p>Cabe aclarar que TODOS los menores, al igual que el resto de espectadores, deber\u00e1n tener su tickets por seguro de espectador de AFA.<\/p>\n","protected":false},"excerpt":{"rendered":"<p>Este lunes a las 15:30, Luj\u00e1n recibir\u00e1 a su cl\u00e1sico rival, Alem, en el estadio 1\u00b0 de Abril con la presencia de su hinchada.<\/p>\n","protected":false},"author":4,"featured_media":11049,"comment_status":"closed","ping_status":"closed","sticky":false,"template":"","format":"standard","meta":{"tdm_status":"","tdm_grid_status":"","footnotes":""},"categories":[8],"tags":[234,173,117,130],"class_list":{"0":"post-11046","1":"post","2":"type-post","3":"status-publish","4":"format-standard","5":"has-post-thumbnail","7":"category-futbol","8":"tag-alem","9":"tag-futbol","10":"tag-lujan","11":"tag-primera-c"},"_links":{"self":[{"href":"https:\/\/diariodelujan.com\/xdeporte\/wp-json\/wp\/v2\/posts\/11046","targetHints":{"allow":["GET"]}}],"collection":[{"href":"https:\/\/diariodelujan.com\/xdeporte\/wp-json\/wp\/v2\/posts"}],"about":[{"href":"https:\/\/diariodelujan.com\/xdeporte\/wp-json\/wp\/v2\/types\/post"}],"author":[{"embeddable":true,"href":"https:\/\/diariodelujan.com\/xdeporte\/wp-json\/wp\/v2\/users\/4"}],"replies":[{"embeddable":true,"href":"https:\/\/diariodelujan.com\/xdeporte\/wp-json\/wp\/v2\/comments?post=11046"}],"version-history":[{"count":0,"href":"https:\/\/diariodelujan.com\/xdeporte\/wp-json\/wp\/v2\/posts\/11046\/revisions"}],"wp:featuredmedia":[{"embeddable":true,"href":"https:\/\/diariodelujan.com\/xdeporte\/wp-json\/wp\/v2\/media\/11049"}],"wp:attachment":[{"href":"https:\/\/diariodelujan.com\/xdeporte\/wp-json\/wp\/v2\/media?parent=11046"}],"wp:term":[{"taxonomy":"category","embeddable":true,"href":"https:\/\/diariodelujan.com\/xdeporte\/wp-json\/wp\/v2\/categories?post=11046"},{"taxonomy":"post_tag","embeddable":true,"href":"https:\/\/diariodelujan.com\/xdeporte\/wp-json\/wp\/v2\/tags?post=11046"}],"curies":[{"name":"wp","href":"https:\/\/api.w.org\/{rel}","templated":true}]}}