{"id":11075,"date":"2024-05-20T18:39:53","date_gmt":"2024-05-20T21:39:53","guid":{"rendered":"https:\/\/www.diariodelujan.com\/?p=11075"},"modified":"2024-05-20T18:39:53","modified_gmt":"2024-05-20T21:39:53","slug":"el-lujanero-salvo-un-punto","status":"publish","type":"post","link":"https:\/\/diariodelujan.com\/xdeporte\/el-lujanero-salvo-un-punto\/","title":{"rendered":"Con dos menos, el Lujanero salv\u00f3 un punto"},"content":{"rendered":"<p><span style=\"font-family: georgia, palatino, serif; font-size: 14pt;\"><em>Por la fecha 18, el Lujanero igual\u00f3 en 1 con su cl\u00e1sico rival, en lo que fue el primer cruce entre ambos en el estadio 1\u00b0 de Abril.<\/em><\/span><\/p>\n<p><!--more--><\/p>\n<p><img loading=\"lazy\" decoding=\"async\" class=\"alignnone size-full wp-image-11083\" src=\"https:\/\/diariodelujan.com\/xdeporte\/wp-content\/uploads\/2024\/05\/lujan-vs-alem-2024.webp\" alt=\"\" width=\"800\" height=\"578\" title=\"\" srcset=\"https:\/\/diariodelujan.com\/xdeporte\/wp-content\/uploads\/2024\/05\/lujan-vs-alem-2024.webp 800w, https:\/\/diariodelujan.com\/xdeporte\/wp-content\/uploads\/2024\/05\/lujan-vs-alem-2024-300x217.webp 300w, https:\/\/diariodelujan.com\/xdeporte\/wp-content\/uploads\/2024\/05\/lujan-vs-alem-2024-768x555.webp 768w, https:\/\/diariodelujan.com\/xdeporte\/wp-content\/uploads\/2024\/05\/lujan-vs-alem-2024-581x420.webp 581w, https:\/\/diariodelujan.com\/xdeporte\/wp-content\/uploads\/2024\/05\/lujan-vs-alem-2024-696x503.webp 696w\" sizes=\"auto, (max-width: 800px) 100vw, 800px\" \/><\/p>\n<p>[dropcap]E[\/dropcap]n un partido cargado de intensidad y drama, el <a href=\"https:\/\/www.facebook.com\/www.clublujan.com.ar\" target=\"_blank\" rel=\"noopener\"><em>Lujanero<\/em><\/a> mantuvo su invicto en casa al igualar 1-1 frente a Leandro N. Alem en el primer cl\u00e1sico disputado en el estadio 1\u00ba de Abril, colmado por su fervoroso p\u00fablico.<\/p>\n<h3><span style=\"font-size: 14pt;\"><strong>El partido del Lujanero y el Lechero<\/strong><\/span><\/h3>\n<p>El encuentro comenz\u00f3 con un bajo rendimiento futbol\u00edstico por parte de ambos equipos, sin embargo, Alem logr\u00f3 sacar provecho de una de sus escasas oportunidades para adelantarse en el marcador. Fue Floris quien, tras un corner, con un certero cabezazo venci\u00f3 al arquero Nahuel Vali\u00f1as, otorgando as\u00ed la ventaja a la visita.<\/p>\n<p>A pesar de dominar territorialmente, Luj\u00e1n careci\u00f3 de ideas para concretar frente al arco rival durante la primera mitad. Sin embargo, en el segundo tiempo, el equipo local mostr\u00f3 una renovada determinaci\u00f3n, a pesar de quedar en desventaja num\u00e9rica tras la expulsi\u00f3n de Cristian Chimino por doble amarilla.<\/p>\n<p>La inferioridad num\u00e9rica no desalent\u00f3 al <em>Lujanero<\/em>, quien encontr\u00f3 el empate gracias a Di\u00f3genes Notta, que de cabeza puso el \u00fanico tanto para el local. A medida que avanzaba el encuentro, la tensi\u00f3n aumentaba con la expulsi\u00f3n de Facundo Rojas, dejando a Luj\u00e1n con solo nueve jugadores en el campo.<\/p>\n<p>A pesar de estar en desventaja num\u00e9rica, el equipo dirigido por Garate mantuvo su esp\u00edritu aguerrido y estuvo cerca de llevarse la victoria, destacando un remate de Gonzalo Ca\u00f1ete que pudo haber decantado el partido a su favor. Sin embargo, el tiempo se agot\u00f3 y el marcador permaneci\u00f3 igualado, sellando as\u00ed un empate en esta nueva edici\u00f3n del cl\u00e1sico<\/p>\n<p>Tras este resultado, Luj\u00e1n deber\u00e1 visitar a Victoriano Arenas en Valent\u00edn Alsina, para disputar la fecha 19 del Apertura.<\/p>\n","protected":false},"excerpt":{"rendered":"<p>Por la fecha 18, el Lujanero igual\u00f3 en 1 con su cl\u00e1sico rival, en lo que fue el primer cruce entre ambos en el estadio 1\u00b0 de Abril.<\/p>\n","protected":false},"author":4,"featured_media":11083,"comment_status":"closed","ping_status":"closed","sticky":false,"template":"","format":"standard","meta":{"tdm_status":"","tdm_grid_status":"","footnotes":""},"categories":[8],"tags":[234,173,117,130,22],"class_list":{"0":"post-11075","1":"post","2":"type-post","3":"status-publish","4":"format-standard","5":"has-post-thumbnail","7":"category-futbol","8":"tag-alem","9":"tag-futbol","10":"tag-lujan","11":"tag-primera-c","12":"tag-promocion"},"_links":{"self":[{"href":"https:\/\/diariodelujan.com\/xdeporte\/wp-json\/wp\/v2\/posts\/11075","targetHints":{"allow":["GET"]}}],"collection":[{"href":"https:\/\/diariodelujan.com\/xdeporte\/wp-json\/wp\/v2\/posts"}],"about":[{"href":"https:\/\/diariodelujan.com\/xdeporte\/wp-json\/wp\/v2\/types\/post"}],"author":[{"embeddable":true,"href":"https:\/\/diariodelujan.com\/xdeporte\/wp-json\/wp\/v2\/users\/4"}],"replies":[{"embeddable":true,"href":"https:\/\/diariodelujan.com\/xdeporte\/wp-json\/wp\/v2\/comments?post=11075"}],"version-history":[{"count":0,"href":"https:\/\/diariodelujan.com\/xdeporte\/wp-json\/wp\/v2\/posts\/11075\/revisions"}],"wp:featuredmedia":[{"embeddable":true,"href":"https:\/\/diariodelujan.com\/xdeporte\/wp-json\/wp\/v2\/media\/11083"}],"wp:attachment":[{"href":"https:\/\/diariodelujan.com\/xdeporte\/wp-json\/wp\/v2\/media?parent=11075"}],"wp:term":[{"taxonomy":"category","embeddable":true,"href":"https:\/\/diariodelujan.com\/xdeporte\/wp-json\/wp\/v2\/categories?post=11075"},{"taxonomy":"post_tag","embeddable":true,"href":"https:\/\/diariodelujan.com\/xdeporte\/wp-json\/wp\/v2\/tags?post=11075"}],"curies":[{"name":"wp","href":"https:\/\/api.w.org\/{rel}","templated":true}]}}