{"id":11269,"date":"2024-05-25T19:21:57","date_gmt":"2024-05-25T22:21:57","guid":{"rendered":"https:\/\/www.diariodelujan.com\/?p=11269"},"modified":"2024-05-25T19:21:57","modified_gmt":"2024-05-25T22:21:57","slug":"el-lujanero-se-quedo-con-los-tres-puntos","status":"publish","type":"post","link":"https:\/\/diariodelujan.com\/xdeporte\/el-lujanero-se-quedo-con-los-tres-puntos\/","title":{"rendered":"El Lujanero se qued\u00f3 con los tres puntos"},"content":{"rendered":"<p><span style=\"font-family: georgia, palatino, serif; font-size: 14pt;\"><em>En una tarde fr\u00eda de s\u00e1bado, el Lujanero se present\u00f3 en el Saturnino Moure para enfrentar a Victoriano Arenas por la fecha 19 del Apertura.<\/em><\/span><\/p>\n<p><!--more--><\/p>\n<p><img loading=\"lazy\" decoding=\"async\" class=\"size-full wp-image-11276 aligncenter\" src=\"https:\/\/diariodelujan.com\/xdeporte\/wp-content\/uploads\/2024\/05\/victoriano-lujan-2024.webp\" alt=\"El Lujanero se qued\u00f3 con los tres puntos\" width=\"800\" height=\"578\" title=\"\" srcset=\"https:\/\/diariodelujan.com\/xdeporte\/wp-content\/uploads\/2024\/05\/victoriano-lujan-2024.webp 800w, https:\/\/diariodelujan.com\/xdeporte\/wp-content\/uploads\/2024\/05\/victoriano-lujan-2024-300x217.webp 300w, https:\/\/diariodelujan.com\/xdeporte\/wp-content\/uploads\/2024\/05\/victoriano-lujan-2024-768x555.webp 768w, https:\/\/diariodelujan.com\/xdeporte\/wp-content\/uploads\/2024\/05\/victoriano-lujan-2024-581x420.webp 581w, https:\/\/diariodelujan.com\/xdeporte\/wp-content\/uploads\/2024\/05\/victoriano-lujan-2024-696x503.webp 696w\" sizes=\"auto, (max-width: 800px) 100vw, 800px\" \/><\/p>\n<p>[dropcap]E[\/dropcap]n el marco de la fecha 19 del Apertura de la Primera C, <em><a href=\"https:\/\/www.facebook.com\/www.clublujan.com.ar\" target=\"_blank\" rel=\"noopener\">el Lujanero<\/a>, <\/em>en condici\u00f3n de visitante,\u00a0derrot\u00f3 a Victoriano Arenas por 1 a 0 y se qued\u00f3 con los tres puntos.<\/p>\n<h3><strong><span style=\"font-size: 14pt;\">El regreso al triunfo del <em>Lujanero<\/em>\u00a0<\/span><\/strong><\/h3>\n<p>El primer tiempo transcurri\u00f3 con escasas oportunidades de gol para ambos equipos. Federico Pellegrino intent\u00f3 acercar a Luj\u00e1n al arco rival con un tiro libre, mientras que por parte de Victoriano Arenas, el colombiano Edison C\u00f3rdoba Mena y Leonel Duarte generaron algunas jugadas de peligro. Sin embargo, el marcador permaneci\u00f3 igualado en cero al llegar al descanso.<\/p>\n<p>En la segunda mitad del encuentro, el equipo visitante tom\u00f3 las riendas del partido. Gonzalo Ca\u00f1ete, con un centro desde el corner, encontr\u00f3 a Ledesma y Ramos yendo por el cabezazo y, si bien fue Ledesma quien lleg\u00f3 a recibir la pelota, la misma dio tambi\u00e9n en Ramos y vulner\u00f3 al arquero Juli\u00e1n Garc\u00eda, poniendo as\u00ed el marcador 1-0 a favor de Luj\u00e1n.<\/p>\n<p>Al quedar en desventaja, Victoriano Arenas busc\u00f3 la igualdad, pero Nahuel Vali\u00f1as mantuvo su valla en cero ante los ataques de Diego P\u00e9rez y Rufino Ortiz.<\/p>\n<p>En los minutos finales, Sim\u00f3n Mart\u00ednez tuvo la oportunidad de ampliar la ventaja para Luj\u00e1n en un contragolpe, sin embargo, su disparo se desvi\u00f3 y la diferencia en el marcador se mantuvo en la m\u00ednima. En tiempo de descuento, el partido se pic\u00f3 con una patada fuerte e innecesaria de Betancort, lo que le vali\u00f3 la tarjeta roja a pesar de haber ingresado hac\u00eda unos minutos. En represalia, Duarte se desquit\u00f3 con Ledesma de la misma forma y vio la roja tambi\u00e9n.<\/p>\n<p>Con el resultado definido, el equipo dirigido por Gerardo Garate rompi\u00f3 una racha de cuatro partidos sin conocer la victoria, logrando as\u00ed un importante triunfo como visitante.<\/p>\n","protected":false},"excerpt":{"rendered":"<p>En una tarde fr\u00eda de s\u00e1bado, el Lujanero se present\u00f3 en el Saturnino Moure para enfrentar a Victoriano Arenas por la fecha 19 del Apertura.<\/p>\n","protected":false},"author":4,"featured_media":11276,"comment_status":"closed","ping_status":"closed","sticky":false,"template":"","format":"standard","meta":{"tdm_status":"","tdm_grid_status":"","footnotes":""},"categories":[8],"tags":[173,117,184,130,22,235],"class_list":{"0":"post-11269","1":"post","2":"type-post","3":"status-publish","4":"format-standard","5":"has-post-thumbnail","7":"category-futbol","8":"tag-futbol","9":"tag-lujan","10":"tag-lujanero","11":"tag-primera-c","12":"tag-promocion","13":"tag-victoriano-arenas"},"_links":{"self":[{"href":"https:\/\/diariodelujan.com\/xdeporte\/wp-json\/wp\/v2\/posts\/11269","targetHints":{"allow":["GET"]}}],"collection":[{"href":"https:\/\/diariodelujan.com\/xdeporte\/wp-json\/wp\/v2\/posts"}],"about":[{"href":"https:\/\/diariodelujan.com\/xdeporte\/wp-json\/wp\/v2\/types\/post"}],"author":[{"embeddable":true,"href":"https:\/\/diariodelujan.com\/xdeporte\/wp-json\/wp\/v2\/users\/4"}],"replies":[{"embeddable":true,"href":"https:\/\/diariodelujan.com\/xdeporte\/wp-json\/wp\/v2\/comments?post=11269"}],"version-history":[{"count":0,"href":"https:\/\/diariodelujan.com\/xdeporte\/wp-json\/wp\/v2\/posts\/11269\/revisions"}],"wp:featuredmedia":[{"embeddable":true,"href":"https:\/\/diariodelujan.com\/xdeporte\/wp-json\/wp\/v2\/media\/11276"}],"wp:attachment":[{"href":"https:\/\/diariodelujan.com\/xdeporte\/wp-json\/wp\/v2\/media?parent=11269"}],"wp:term":[{"taxonomy":"category","embeddable":true,"href":"https:\/\/diariodelujan.com\/xdeporte\/wp-json\/wp\/v2\/categories?post=11269"},{"taxonomy":"post_tag","embeddable":true,"href":"https:\/\/diariodelujan.com\/xdeporte\/wp-json\/wp\/v2\/tags?post=11269"}],"curies":[{"name":"wp","href":"https:\/\/api.w.org\/{rel}","templated":true}]}}