{"id":11278,"date":"2024-05-25T19:49:31","date_gmt":"2024-05-25T22:49:31","guid":{"rendered":"https:\/\/www.diariodelujan.com\/?p=11278"},"modified":"2024-05-25T19:49:31","modified_gmt":"2024-05-25T22:49:31","slug":"el-canario-perdio-por-un-penal","status":"publish","type":"post","link":"https:\/\/diariodelujan.com\/xdeporte\/el-canario-perdio-por-un-penal\/","title":{"rendered":"El Canario perdi\u00f3 por un penal en el \u00faltimo minuto"},"content":{"rendered":"<p><span style=\"font-family: georgia, palatino, serif; font-size: 14pt;\"><em>En el partido correspondiente a la 18\u00b0 fecha de la Primera B, el Canario recibi\u00f3 a Argentino de Merlo en el Carlos V con la esperanza de seguir escalando en la tabla de posiciones.<\/em><\/span><\/p>\n<p><!--more--><\/p>\n<p><img loading=\"lazy\" decoding=\"async\" class=\"size-full wp-image-11281 aligncenter\" src=\"https:\/\/diariodelujan.com\/xdeporte\/wp-content\/uploads\/2024\/05\/flandria-arg-merlo.webp\" alt=\"El Canario perdi\u00f3 por un penal en el \u00faltimo minuto\" width=\"800\" height=\"533\" title=\"\" srcset=\"https:\/\/diariodelujan.com\/xdeporte\/wp-content\/uploads\/2024\/05\/flandria-arg-merlo.webp 800w, https:\/\/diariodelujan.com\/xdeporte\/wp-content\/uploads\/2024\/05\/flandria-arg-merlo-300x200.webp 300w, https:\/\/diariodelujan.com\/xdeporte\/wp-content\/uploads\/2024\/05\/flandria-arg-merlo-768x512.webp 768w, https:\/\/diariodelujan.com\/xdeporte\/wp-content\/uploads\/2024\/05\/flandria-arg-merlo-630x420.webp 630w, https:\/\/diariodelujan.com\/xdeporte\/wp-content\/uploads\/2024\/05\/flandria-arg-merlo-696x464.webp 696w\" sizes=\"auto, (max-width: 800px) 100vw, 800px\" \/><\/p>\n<p>[dropcap]S[\/dropcap]in embargo, el destino ten\u00eda otros planes para <a href=\"https:\/\/www.facebook.com\/ClubsydFlandria\" target=\"_blank\" rel=\"noopener\"><em>el Canario<\/em><\/a>, que termin\u00f3 sufriendo una derrota dolorosa por 1 a 0 ante su p\u00fablico, en tiempo de descuento.<\/p>\n<h3><strong><span style=\"font-size: 14pt;\">Como le fue al <em>Canario<\/em><\/span><\/strong><\/h3>\n<p>El partido comenz\u00f3 con Flandria presionando desde el inicio, buscando imponer su juego cerca del \u00e1rea rival. Un cabezazo de Iv\u00e1n Becker que se estrell\u00f3 en el poste fue el primer aviso de peligro del equipo dirigido por Walter D\u00edaz.<\/p>\n<p>Con Franco Bustamante como conductor del juego, Flandria intent\u00f3 abrir espacios por los laterales con la movilidad de Mariano Sagristani y Juan Cabrera. Sin embargo, la s\u00f3lida defensa visitante frustraba los intentos del Canario, que se ve\u00eda obligado a defenderse de los contragolpes de Argentino de Merlo.<\/p>\n<p>En la segunda mitad, el partido mantuvo la misma t\u00f3nica, con Flandria presionando en busca del gol y Argentino de Merlo esperando su oportunidad para contraatacar.<\/p>\n<p>A los 16 minutos del complemento, Flandria estuvo cerca de abrir el marcador con un potente remate de Cristian Cuenca que se estrell\u00f3 en el travesa\u00f1o. Sin embargo, a pesar de los cambios realizados por el t\u00e9cnico Walter D\u00edaz, que buscaban aportar dinamismo y velocidad al equipo, el gol segu\u00eda resisti\u00e9ndose.<\/p>\n<p>En los minutos finales, cuando parec\u00eda que el empate era el resultado m\u00e1s probable, lleg\u00f3 el golpe inesperado para Flandria. En una r\u00e1pida contra, Argentino de Merlo recibi\u00f3 una infracci\u00f3n en el \u00e1rea canaria que Marcos Gim\u00e9nez no desperdici\u00f3, convirtiendo el gol que sentenci\u00f3 el resultado final a favor de la visita.<\/p>\n<p>Con esta derrota, Flandria pierde lo que, muy probablemente, ser\u00e1 la \u00faltima oportunidad de pelear el Apertura. Tras este resultado, el Canario deber\u00e1 visitar a Sportivo Italiano, la pr\u00f3xima semana.<\/p>\n","protected":false},"excerpt":{"rendered":"<p>En el partido correspondiente a la 18\u00b0 fecha de la Primera B, el Canario recibi\u00f3 a Argentino de Merlo en el Carlos V con la esperanza de seguir escalando en la tabla de posiciones.<\/p>\n","protected":false},"author":4,"featured_media":11281,"comment_status":"closed","ping_status":"closed","sticky":false,"template":"","format":"standard","meta":{"tdm_status":"","tdm_grid_status":"","footnotes":""},"categories":[8],"tags":[236,171,172,173,198,22],"class_list":{"0":"post-11278","1":"post","2":"type-post","3":"status-publish","4":"format-standard","5":"has-post-thumbnail","7":"category-futbol","8":"tag-argentino-de-merlo","9":"tag-canario","10":"tag-flandria","11":"tag-futbol","12":"tag-primera-b","13":"tag-promocion"},"_links":{"self":[{"href":"https:\/\/diariodelujan.com\/xdeporte\/wp-json\/wp\/v2\/posts\/11278","targetHints":{"allow":["GET"]}}],"collection":[{"href":"https:\/\/diariodelujan.com\/xdeporte\/wp-json\/wp\/v2\/posts"}],"about":[{"href":"https:\/\/diariodelujan.com\/xdeporte\/wp-json\/wp\/v2\/types\/post"}],"author":[{"embeddable":true,"href":"https:\/\/diariodelujan.com\/xdeporte\/wp-json\/wp\/v2\/users\/4"}],"replies":[{"embeddable":true,"href":"https:\/\/diariodelujan.com\/xdeporte\/wp-json\/wp\/v2\/comments?post=11278"}],"version-history":[{"count":0,"href":"https:\/\/diariodelujan.com\/xdeporte\/wp-json\/wp\/v2\/posts\/11278\/revisions"}],"wp:featuredmedia":[{"embeddable":true,"href":"https:\/\/diariodelujan.com\/xdeporte\/wp-json\/wp\/v2\/media\/11281"}],"wp:attachment":[{"href":"https:\/\/diariodelujan.com\/xdeporte\/wp-json\/wp\/v2\/media?parent=11278"}],"wp:term":[{"taxonomy":"category","embeddable":true,"href":"https:\/\/diariodelujan.com\/xdeporte\/wp-json\/wp\/v2\/categories?post=11278"},{"taxonomy":"post_tag","embeddable":true,"href":"https:\/\/diariodelujan.com\/xdeporte\/wp-json\/wp\/v2\/tags?post=11278"}],"curies":[{"name":"wp","href":"https:\/\/api.w.org\/{rel}","templated":true}]}}