{"id":11283,"date":"2024-05-25T22:28:43","date_gmt":"2024-05-26T01:28:43","guid":{"rendered":"https:\/\/www.diariodelujan.com\/?p=11283"},"modified":"2024-05-25T22:28:43","modified_gmt":"2024-05-26T01:28:43","slug":"lujan-rc-gano","status":"publish","type":"post","link":"https:\/\/diariodelujan.com\/xdeporte\/lujan-rc-gano\/","title":{"rendered":"Luj\u00e1n RC gan\u00f3 y estir\u00f3 la racha a 5 triunfos al hilo"},"content":{"rendered":"<p><em><span style=\"font-family: georgia, palatino, serif; font-size: 14pt;\">El XV de Luj\u00e1n RC cosech\u00f3 esta tarde su quinta victoria al hilo ante El Retiro tras derrotarlo 27 a 22 en el predio de La Loma.<\/span><\/em><\/p>\n<p><!--more--><\/p>\n<p><img loading=\"lazy\" decoding=\"async\" class=\"size-full wp-image-11291 aligncenter\" src=\"https:\/\/diariodelujan.com\/xdeporte\/wp-content\/uploads\/2024\/05\/lujan-rc-retiro.webp\" alt=\"Luj\u00e1n RC gan\u00f3 y estir\u00f3 la racha a 4 triunfos al hilo\" width=\"812\" height=\"543\" title=\"\" srcset=\"https:\/\/diariodelujan.com\/xdeporte\/wp-content\/uploads\/2024\/05\/lujan-rc-retiro.webp 812w, https:\/\/diariodelujan.com\/xdeporte\/wp-content\/uploads\/2024\/05\/lujan-rc-retiro-300x201.webp 300w, https:\/\/diariodelujan.com\/xdeporte\/wp-content\/uploads\/2024\/05\/lujan-rc-retiro-768x514.webp 768w, https:\/\/diariodelujan.com\/xdeporte\/wp-content\/uploads\/2024\/05\/lujan-rc-retiro-628x420.webp 628w, https:\/\/diariodelujan.com\/xdeporte\/wp-content\/uploads\/2024\/05\/lujan-rc-retiro-696x465.webp 696w\" sizes=\"auto, (max-width: 812px) 100vw, 812px\" \/><\/p>\n<p>[dropcap]E[\/dropcap]n el partido correspondiente a la fecha 9 del torneo de la URBA, <a href=\"https:\/\/www.instagram.com\/lujanrugbyclub\/\" target=\"_blank\" rel=\"noopener\">Luj\u00e1n RC<\/a> super\u00f3 a El Retiro por 27 a 22 en lo que signific\u00f3 su quinto triunfo consecutivo.<\/p>\n<h3><strong><span style=\"font-size: 14pt;\">El partido de Luj\u00e1n RC<\/span><\/strong><\/h3>\n<p>El primer try de la tarde lo marc\u00f3 Jos\u00e9 Aramendi y la conversi\u00f3n a cargo de Magalhaes le da la ventaja inicial 7 a 0 para <em>el Lujanero<\/em>.<\/p>\n<p>Sin embargo, Retiro descont\u00f3 con su primer try unos minutos despu\u00e9s y, luego, un remate a los postes le adhiri\u00f3 3 puntos al conjunto visitante que puso el marcador 7 a 8.<\/p>\n<p>Similarmente, Luj\u00e1n intercambi\u00f3 un penal por 3 tantos para volver a ponerse en ventaja antes de irse al descanso.<\/p>\n<p>A poco de reanudar el partido, Onta\u00f1\u00f3n anot\u00f3 un segundo try, convertido por <em>el Colo<\/em>, y le permiti\u00f3 a Luj\u00e1n estirar un poco m\u00e1s la diferencia con la visita.<\/p>\n<p>M\u00e1s tarde, Retiro volvi\u00f3 a achicar las distancias con un try convertido. Aunque, el local pudo volver a sumar de a tres con un penal por el 10 del <em>Lujanero<\/em>.<\/p>\n<p>No obstante, a los 17 minutos el elenco visitante dio vuelta las cosas con un nuevo try convertido, que puso el marcador 20 a 22.<\/p>\n<p><a href=\"https:\/\/diariodelujan.com\/xdeporte\/wp-content\/uploads\/2024\/05\/lrc.webp\"><img loading=\"lazy\" decoding=\"async\" class=\"alignnone wp-image-11322 size-full\" src=\"https:\/\/diariodelujan.com\/xdeporte\/wp-content\/uploads\/2024\/05\/lrc.webp\" alt=\"Lujan RC\" width=\"800\" height=\"800\" title=\"\" srcset=\"https:\/\/diariodelujan.com\/xdeporte\/wp-content\/uploads\/2024\/05\/lrc.webp 800w, https:\/\/diariodelujan.com\/xdeporte\/wp-content\/uploads\/2024\/05\/lrc-300x300.webp 300w, https:\/\/diariodelujan.com\/xdeporte\/wp-content\/uploads\/2024\/05\/lrc-150x150.webp 150w, https:\/\/diariodelujan.com\/xdeporte\/wp-content\/uploads\/2024\/05\/lrc-768x768.webp 768w, https:\/\/diariodelujan.com\/xdeporte\/wp-content\/uploads\/2024\/05\/lrc-420x420.webp 420w, https:\/\/diariodelujan.com\/xdeporte\/wp-content\/uploads\/2024\/05\/lrc-696x696.webp 696w\" sizes=\"auto, (max-width: 800px) 100vw, 800px\" \/><\/a><\/p>\n<p>Luego de una buena ofensiva, Luj\u00e1n RC volvi\u00f3 a ponerse arriba con un try de Giordano, tras una gran coordinaci\u00f3n con Brancatto y, sumado a la conversi\u00f3n del <em>colo<\/em> Magalhaes, el marcador qued\u00f3 en el definitivo 27 a 22.<\/p>\n<p>Para la fecha 10 del campeonato, Luj\u00e1n RC visitar\u00e1 a Mercedes, en busca de un nuevo triunfo.<\/p>\n","protected":false},"excerpt":{"rendered":"<p>El XV de Luj\u00e1n RC cosech\u00f3 esta tarde su quinta victoria al hilo ante El Retiro tras derrotarlo 27 a 22 en el predio de La Loma.<\/p>\n","protected":false},"author":3,"featured_media":11291,"comment_status":"closed","ping_status":"closed","sticky":false,"template":"","format":"standard","meta":{"tdm_status":"","tdm_grid_status":"","footnotes":""},"categories":[1],"tags":[138,114,117,130,22,119],"class_list":{"0":"post-11283","1":"post","2":"type-post","3":"status-publish","4":"format-standard","5":"has-post-thumbnail","7":"category-rugby","8":"tag-el-retiro","9":"tag-lrc","10":"tag-lujan","11":"tag-primera-c","12":"tag-promocion","13":"tag-urba"},"_links":{"self":[{"href":"https:\/\/diariodelujan.com\/xdeporte\/wp-json\/wp\/v2\/posts\/11283","targetHints":{"allow":["GET"]}}],"collection":[{"href":"https:\/\/diariodelujan.com\/xdeporte\/wp-json\/wp\/v2\/posts"}],"about":[{"href":"https:\/\/diariodelujan.com\/xdeporte\/wp-json\/wp\/v2\/types\/post"}],"author":[{"embeddable":true,"href":"https:\/\/diariodelujan.com\/xdeporte\/wp-json\/wp\/v2\/users\/3"}],"replies":[{"embeddable":true,"href":"https:\/\/diariodelujan.com\/xdeporte\/wp-json\/wp\/v2\/comments?post=11283"}],"version-history":[{"count":0,"href":"https:\/\/diariodelujan.com\/xdeporte\/wp-json\/wp\/v2\/posts\/11283\/revisions"}],"wp:featuredmedia":[{"embeddable":true,"href":"https:\/\/diariodelujan.com\/xdeporte\/wp-json\/wp\/v2\/media\/11291"}],"wp:attachment":[{"href":"https:\/\/diariodelujan.com\/xdeporte\/wp-json\/wp\/v2\/media?parent=11283"}],"wp:term":[{"taxonomy":"category","embeddable":true,"href":"https:\/\/diariodelujan.com\/xdeporte\/wp-json\/wp\/v2\/categories?post=11283"},{"taxonomy":"post_tag","embeddable":true,"href":"https:\/\/diariodelujan.com\/xdeporte\/wp-json\/wp\/v2\/tags?post=11283"}],"curies":[{"name":"wp","href":"https:\/\/api.w.org\/{rel}","templated":true}]}}