{"id":11701,"date":"2024-06-02T19:07:27","date_gmt":"2024-06-02T22:07:27","guid":{"rendered":"https:\/\/www.diariodelujan.com\/?p=11701"},"modified":"2024-06-02T19:07:27","modified_gmt":"2024-06-02T22:07:27","slug":"lujan-lo-dio-vuelta","status":"publish","type":"post","link":"https:\/\/diariodelujan.com\/xdeporte\/lujan-lo-dio-vuelta\/","title":{"rendered":"Luj\u00e1n lo dio vuelta y se qued\u00f3 con la victoria"},"content":{"rendered":"<p><span style=\"font-family: georgia, palatino, serif; font-size: 14pt;\"><em>Luj\u00e1n derrot\u00f3 a Centro Espa\u00f1ol este domingo, en el 1\u00b0 de Abril, por 2 a 1 y escal\u00f3 hasta la sexta posici\u00f3n en la tabla del Apertura.<\/em><\/span><\/p>\n<p><!--more--> <img loading=\"lazy\" decoding=\"async\" class=\"size-full wp-image-11702 aligncenter\" src=\"https:\/\/diariodelujan.com\/xdeporte\/wp-content\/uploads\/2024\/06\/lujan-cntr-espanol.webp\" alt=\"Luj\u00e1n lo dio vuelta y se qued\u00f3 con la victoria\" width=\"800\" height=\"578\" title=\"\" srcset=\"https:\/\/diariodelujan.com\/xdeporte\/wp-content\/uploads\/2024\/06\/lujan-cntr-espanol.webp 800w, https:\/\/diariodelujan.com\/xdeporte\/wp-content\/uploads\/2024\/06\/lujan-cntr-espanol-300x217.webp 300w, https:\/\/diariodelujan.com\/xdeporte\/wp-content\/uploads\/2024\/06\/lujan-cntr-espanol-768x555.webp 768w, https:\/\/diariodelujan.com\/xdeporte\/wp-content\/uploads\/2024\/06\/lujan-cntr-espanol-581x420.webp 581w, https:\/\/diariodelujan.com\/xdeporte\/wp-content\/uploads\/2024\/06\/lujan-cntr-espanol-696x503.webp 696w\" sizes=\"auto, (max-width: 800px) 100vw, 800px\" \/><\/p>\n<p>[dropcap]P[\/dropcap]or la fecha 20 del torneo Apertura de la Primera C, <a href=\"https:\/\/www.facebook.com\/www.clublujan.com.ar\" target=\"_blank\" rel=\"noopener\">Luj\u00e1n<\/a> recibi\u00f3 a los Gallegos en casa con la intenci\u00f3n de seguir sumando de a tres.<\/p>\n<h3><strong><span style=\"font-size: 14pt;\">Un primer tiempo para el olvido<\/span><\/strong><\/h3>\n<p>El primer tiempo fue complicado para <em>el Lujanero<\/em>, que no logr\u00f3 encontrar su juego y fue superado en varios momentos por el equipo visitante.<\/p>\n<p>A los 16 minutos, Centro Espa\u00f1ol avis\u00f3 con un zurdazo de Jorge Rosas Quintero que peg\u00f3 en el travesa\u00f1o. Solo dos minutos despu\u00e9s, un pelotazo largo encontr\u00f3 a Franco Mart\u00ednez habilitado a espaldas de los centrales del local, quien, ante la salida de Nahuel Vali\u00f1as, pic\u00f3 la pelota por encima del arquero para abrir el marcador 1 a 0 a favor de Centro Espa\u00f1ol.<\/p>\n<h3><strong><span style=\"font-size: 14pt;\">La remontada del <em>Lujanero<\/em><\/span><\/strong><\/h3>\n<p>El segundo tiempo comenz\u00f3 con el due\u00f1o de casa buscando revertir el marcador. Apenas cinco minutos despu\u00e9s del inicio, Lisandro S\u00e1nchez Olmos empat\u00f3 el partido al vulnerar al arquero desde una posici\u00f3n privilegiada. Este gol tempranero fue crucial para cambiar la din\u00e1mica del encuentro.<\/p>\n<p>Con el empate, Luj\u00e1n creci\u00f3 en confianza y empez\u00f3 a dominar. El arquero Fumo evit\u00f3 el segundo de Luj\u00e1n, pero m\u00e1s tarde, un lateral ofensivo, mal gestionado por la defensa visitante, permiti\u00f3 que Gonzalo Ca\u00f1ete, con el arco libre, anotara el 2 a 1 definitivo.<\/p>\n<p>Tras ponerse en ventaja, el equipo de la banda se cerr\u00f3 bien en el fondo, evitando cualquier sobresalto. Centro Espa\u00f1ol adelant\u00f3 sus l\u00edneas buscando el empate, pero la defensa local se mantuvo firme.<\/p>\n<p>Con esta importante victoria, los dirigidos por Garate escalaron posiciones en la tabla, afianz\u00e1ndose en su objetivo de seguir avanzando en el campeonato.<\/p>\n<p>El pr\u00f3ximo fin de semana, <em>el Lujanero<\/em> visitar\u00e1 a Deportivo Espa\u00f1ol por la fecha 21, en Parque Avellaneda.<\/p>\n","protected":false},"excerpt":{"rendered":"<p>Luj\u00e1n derrot\u00f3 a Centro Espa\u00f1ol este domingo, en el 1\u00b0 de Abril, por 2 a 1 y escal\u00f3 hasta la sexta posici\u00f3n en la tabla del Apertura.<\/p>\n","protected":false},"author":4,"featured_media":11702,"comment_status":"closed","ping_status":"closed","sticky":false,"template":"","format":"standard","meta":{"tdm_status":"","tdm_grid_status":"","footnotes":""},"categories":[8],"tags":[237,173,117,184,130,22],"class_list":{"0":"post-11701","1":"post","2":"type-post","3":"status-publish","4":"format-standard","5":"has-post-thumbnail","8":"tag-centro-espanol","9":"tag-futbol","10":"tag-lujan","11":"tag-lujanero","12":"tag-primera-c","13":"tag-promocion"},"_links":{"self":[{"href":"https:\/\/diariodelujan.com\/xdeporte\/wp-json\/wp\/v2\/posts\/11701","targetHints":{"allow":["GET"]}}],"collection":[{"href":"https:\/\/diariodelujan.com\/xdeporte\/wp-json\/wp\/v2\/posts"}],"about":[{"href":"https:\/\/diariodelujan.com\/xdeporte\/wp-json\/wp\/v2\/types\/post"}],"author":[{"embeddable":true,"href":"https:\/\/diariodelujan.com\/xdeporte\/wp-json\/wp\/v2\/users\/4"}],"replies":[{"embeddable":true,"href":"https:\/\/diariodelujan.com\/xdeporte\/wp-json\/wp\/v2\/comments?post=11701"}],"version-history":[{"count":0,"href":"https:\/\/diariodelujan.com\/xdeporte\/wp-json\/wp\/v2\/posts\/11701\/revisions"}],"wp:featuredmedia":[{"embeddable":true,"href":"https:\/\/diariodelujan.com\/xdeporte\/wp-json\/wp\/v2\/media\/11702"}],"wp:attachment":[{"href":"https:\/\/diariodelujan.com\/xdeporte\/wp-json\/wp\/v2\/media?parent=11701"}],"wp:term":[{"taxonomy":"category","embeddable":true,"href":"https:\/\/diariodelujan.com\/xdeporte\/wp-json\/wp\/v2\/categories?post=11701"},{"taxonomy":"post_tag","embeddable":true,"href":"https:\/\/diariodelujan.com\/xdeporte\/wp-json\/wp\/v2\/tags?post=11701"}],"curies":[{"name":"wp","href":"https:\/\/api.w.org\/{rel}","templated":true}]}}