{"id":11704,"date":"2024-06-02T20:00:36","date_gmt":"2024-06-02T23:00:36","guid":{"rendered":"https:\/\/www.diariodelujan.com\/?p=11704"},"modified":"2024-06-02T20:00:36","modified_gmt":"2024-06-02T23:00:36","slug":"el-canario-gano","status":"publish","type":"post","link":"https:\/\/diariodelujan.com\/xdeporte\/el-canario-gano\/","title":{"rendered":"El Canario le gan\u00f3 a Italiano con un humilde 1 a 0"},"content":{"rendered":"<p><span style=\"font-size: 14pt; font-family: georgia, palatino, serif;\"><em>En un partido donde las oportunidades m\u00e1s claras fueron suyas, el Canario se llev\u00f3 una merecida victoria por 1 a 0 frente a Italiano.<\/em><\/span><\/p>\n<p><!--more--><\/p>\n<p><img loading=\"lazy\" decoding=\"async\" class=\"size-full wp-image-11707 aligncenter\" src=\"https:\/\/diariodelujan.com\/xdeporte\/wp-content\/uploads\/2024\/06\/italiano-flandria.webp\" alt=\"El Canario le gan\u00f3 a Italiano con un humilde 1 a 0\" width=\"800\" height=\"463\" title=\"\" srcset=\"https:\/\/diariodelujan.com\/xdeporte\/wp-content\/uploads\/2024\/06\/italiano-flandria.webp 800w, https:\/\/diariodelujan.com\/xdeporte\/wp-content\/uploads\/2024\/06\/italiano-flandria-300x174.webp 300w, https:\/\/diariodelujan.com\/xdeporte\/wp-content\/uploads\/2024\/06\/italiano-flandria-768x444.webp 768w, https:\/\/diariodelujan.com\/xdeporte\/wp-content\/uploads\/2024\/06\/italiano-flandria-726x420.webp 726w, https:\/\/diariodelujan.com\/xdeporte\/wp-content\/uploads\/2024\/06\/italiano-flandria-696x403.webp 696w\" sizes=\"auto, (max-width: 800px) 100vw, 800px\" \/><\/p>\n<p>[dropcap]P[\/dropcap]or la fecha 19 de la Primera B, <a href=\"https:\/\/www.facebook.com\/ClubsydFlandria\" target=\"_blank\" rel=\"noopener\"><em>el Canario<\/em><\/a> nuevamente demostr\u00f3 su fortaleza fuera de casa con una actuaci\u00f3n impecable en defensa ante Sportivo Italiano.<\/p>\n<h3><strong><span style=\"font-size: 14pt;\">Control y oportunidades para <em>el Canario<\/em><\/span><\/strong><\/h3>\n<p>Desde el inicio del encuentro, <em>el Canario<\/em> mostr\u00f3 m\u00e1s decisi\u00f3n y arriesg\u00f3 m\u00e1s que su rival. Aunque ambos equipos carecieron de profundidad en su juego, Flandria fue el que gener\u00f3 las pocas pero importantes oportunidades de gol.<\/p>\n<p>La primera lleg\u00f3 a los 15 minutos con un remate esquinado de Bustamante, quien, tras un h\u00e1bil movimiento en la punta izquierda, oblig\u00f3 al arquero Font\u00e1n a realizar una gran atajada.<\/p>\n<p>A medida que Italiano comenzaba a despertarse, Z\u00e1rate estuvo a punto de marcar un golazo. Recibi\u00f3 en la puerta del \u00e1rea, amag\u00f3 con un pase y, tras un enganche, dispar\u00f3 con precisi\u00f3n, pero el bal\u00f3n se estrell\u00f3 en el \u00e1ngulo. Fue la ocasi\u00f3n m\u00e1s clara de la primera mitad.<\/p>\n<p>Mat\u00edas L\u00f3pez tambi\u00e9n tuvo su oportunidad cerca del final del primer tiempo con un potente disparo desde fuera del \u00e1rea que el arquero local logr\u00f3 desviar. Italiano tuvo una \u00faltima chance antes del descanso, pero Flandria logr\u00f3 mantener su valla en cero.<\/p>\n<h3><strong><span style=\"font-size: 14pt;\">La definici\u00f3n de Cuenca y el desespero de Italiano<\/span><\/strong><\/h3>\n<p>A los 8 minutos del segundo tiempo, Cristian Cuenca se encarg\u00f3 de un tiro libre desde 30 metros. Todos esperaban un centro, pero su disparo directo sorprendi\u00f3 al arquero y se meti\u00f3 por el primer palo, d\u00e1ndole a los dirigidos por D\u00edaz la ventaja.<\/p>\n<p>A partir de ese momento, Italiano se mostr\u00f3 impaciente y comenz\u00f3 a descuidarse defensivamente. Flandria, aprovechando los espacios, estuvo a punto de aumentar la diferencia con un remate de Becker que peg\u00f3 en el travesa\u00f1o.<\/p>\n<p>Los minutos finales fueron de desesperaci\u00f3n para Italiano, que recurri\u00f3 a pelotazos sin \u00e9xito buscando un milagro. La falta de paciencia y la impotencia se apoderaron de os jugadores y su hinchada, que despidi\u00f3 al equipo con insultos.<\/p>\n<p>El elenco de J\u00e1uregui mostr\u00f3 una solidez defensiva destacable y se qued\u00f3 corto en el resultado, considerando las claras oportunidades que tuvo.<\/p>\n<p>En su pr\u00f3ximo compromiso, Flandria recibir\u00e1 a Villa San Carlos en el Carlos V, por el encuentro correspondiente a la fecha 20.<\/p>\n","protected":false},"excerpt":{"rendered":"<p>En un partido donde las oportunidades m\u00e1s claras fueron suyas, el Canario se llev\u00f3 una merecida victoria por 1 a 0 frente a Italiano.<\/p>\n","protected":false},"author":4,"featured_media":11707,"comment_status":"closed","ping_status":"closed","sticky":false,"template":"","format":"standard","meta":{"tdm_status":"","tdm_grid_status":"","footnotes":""},"categories":[8],"tags":[238,172,173,239,198,22],"class_list":{"0":"post-11704","1":"post","2":"type-post","3":"status-publish","4":"format-standard","5":"has-post-thumbnail","7":"category-futbol","8":"tag-el-canario","9":"tag-flandria","10":"tag-futbol","11":"tag-italiano","12":"tag-primera-b","13":"tag-promocion"},"_links":{"self":[{"href":"https:\/\/diariodelujan.com\/xdeporte\/wp-json\/wp\/v2\/posts\/11704","targetHints":{"allow":["GET"]}}],"collection":[{"href":"https:\/\/diariodelujan.com\/xdeporte\/wp-json\/wp\/v2\/posts"}],"about":[{"href":"https:\/\/diariodelujan.com\/xdeporte\/wp-json\/wp\/v2\/types\/post"}],"author":[{"embeddable":true,"href":"https:\/\/diariodelujan.com\/xdeporte\/wp-json\/wp\/v2\/users\/4"}],"replies":[{"embeddable":true,"href":"https:\/\/diariodelujan.com\/xdeporte\/wp-json\/wp\/v2\/comments?post=11704"}],"version-history":[{"count":0,"href":"https:\/\/diariodelujan.com\/xdeporte\/wp-json\/wp\/v2\/posts\/11704\/revisions"}],"wp:featuredmedia":[{"embeddable":true,"href":"https:\/\/diariodelujan.com\/xdeporte\/wp-json\/wp\/v2\/media\/11707"}],"wp:attachment":[{"href":"https:\/\/diariodelujan.com\/xdeporte\/wp-json\/wp\/v2\/media?parent=11704"}],"wp:term":[{"taxonomy":"category","embeddable":true,"href":"https:\/\/diariodelujan.com\/xdeporte\/wp-json\/wp\/v2\/categories?post=11704"},{"taxonomy":"post_tag","embeddable":true,"href":"https:\/\/diariodelujan.com\/xdeporte\/wp-json\/wp\/v2\/tags?post=11704"}],"curies":[{"name":"wp","href":"https:\/\/api.w.org\/{rel}","templated":true}]}}