{"id":11950,"date":"2024-06-08T19:40:50","date_gmt":"2024-06-08T22:40:50","guid":{"rendered":"https:\/\/www.diariodelujan.com\/?p=11950"},"modified":"2024-06-08T19:40:50","modified_gmt":"2024-06-08T22:40:50","slug":"lujan-rc-se-quedo-con-el-clasico","status":"publish","type":"post","link":"https:\/\/diariodelujan.com\/xdeporte\/lujan-rc-se-quedo-con-el-clasico\/","title":{"rendered":"Luj\u00e1n RC se qued\u00f3 con el cl\u00e1sico"},"content":{"rendered":"<p><span style=\"font-family: georgia, palatino, serif; font-size: 14pt;\"><em>Este s\u00e1bado, el XV de Luj\u00e1n RC derrot\u00f3 a Areco por 27 a 0 y se qued\u00f3 con el cl\u00e1sico. El conjunto de nuestra ciudad acumul\u00f3 su s\u00e9ptimo triunfo al hilo y obtuvo un nuevo punto bonus.<\/em><\/span><\/p>\n<p><!--more--><\/p>\n<p><a href=\"https:\/\/diariodelujan.com\/xdeporte\/wp-content\/uploads\/2024\/06\/LRC-A-St-Barb-16.jpg\"><img loading=\"lazy\" decoding=\"async\" class=\"alignnone wp-image-11977 size-full\" src=\"https:\/\/diariodelujan.com\/xdeporte\/wp-content\/uploads\/2024\/06\/LRC-A-St-Barb-16.jpg\" alt=\"Luj\u00e1n RC se qued\u00f3 con el cl\u00e1sico ante Areco\" width=\"900\" height=\"589\" title=\"\" srcset=\"https:\/\/diariodelujan.com\/xdeporte\/wp-content\/uploads\/2024\/06\/LRC-A-St-Barb-16.jpg 900w, https:\/\/diariodelujan.com\/xdeporte\/wp-content\/uploads\/2024\/06\/LRC-A-St-Barb-16-300x196.jpg 300w, https:\/\/diariodelujan.com\/xdeporte\/wp-content\/uploads\/2024\/06\/LRC-A-St-Barb-16-768x503.jpg 768w, https:\/\/diariodelujan.com\/xdeporte\/wp-content\/uploads\/2024\/06\/LRC-A-St-Barb-16-642x420.jpg 642w, https:\/\/diariodelujan.com\/xdeporte\/wp-content\/uploads\/2024\/06\/LRC-A-St-Barb-16-696x455.jpg 696w, https:\/\/diariodelujan.com\/xdeporte\/wp-content\/uploads\/2024\/06\/LRC-A-St-Barb-16-741x486.jpg 741w\" sizes=\"auto, (max-width: 900px) 100vw, 900px\" \/><\/a><\/p>\n<p>[dropcap]P[\/dropcap]or la fecha 11 del torneo de la Primera C de la URBA, <a href=\"https:\/\/www.instagram.com\/lujanrugbyclub\/\" target=\"_blank\" rel=\"noopener\">Luj\u00e1n RC<\/a> super\u00f3 a su cl\u00e1sico, Areco, por 27 a 0 y se consolida entre los mejores 5 de la categor\u00eda.<\/p>\n<h4><strong><span style=\"font-size: 14pt;\">Una nueva victoria para Luj\u00e1n RC<\/span><\/strong><\/h4>\n<p>El partido estuvo trabado durante la mitad del primer tiempo y ambos elencos no se sacaban diferencias. Sin embargo, una gran coordinaci\u00f3n entre Grecco, Paiss\u00e1n y Brancatto logr\u00f3 romper la igualdad con un try y la conversi\u00f3n de Magalhaes puso a Luj\u00e1n 7 a 0 en el marcador.<\/p>\n<p>Tras esto, un penal a favor del local fue convertido por Cavas\u00edn para sumarle tres tantos m\u00e1s a Luj\u00e1n. Luego, un try de Tom\u00e1s Elliff Mayoll, convertido por Cavas\u00edn para aumentar as\u00ed la diferencia a 17 a 0. Justo antes del descanso, Cavas\u00edn anot\u00f3 un penal que dej\u00f3 a su club con 20 tantos en el marcador.<\/p>\n\n<p>En el segundo tiempo, Grecco marc\u00f3 el \u00fanico try, que fue posteriormente convertido por Cavas\u00edn. Sin m\u00e1s anotaciones en el resto del segundo tiempo, el Lujanero se qued\u00f3 con los 4 puntos, m\u00e1s el punto bonus ofensivo.<\/p>\n<p>El pr\u00f3ximo compromiso de Luj\u00e1n RC ser\u00e1 ante Vicentinos, como visitante, por la fecha 12 del torneo de la <a href=\"https:\/\/urba.org.ar\/\" target=\"_blank\" rel=\"noopener\">URBA<\/a>.<\/p>\n","protected":false},"excerpt":{"rendered":"<p>Este s\u00e1bado, el XV de Luj\u00e1n RC derrot\u00f3 a Areco por 27 a 0 y se qued\u00f3 con el cl\u00e1sico. El conjunto de nuestra ciudad acumul\u00f3 su s\u00e9ptimo triunfo al hilo y obtuvo un nuevo punto bonus.<\/p>\n","protected":false},"author":3,"featured_media":11978,"comment_status":"closed","ping_status":"closed","sticky":false,"template":"","format":"standard","meta":{"tdm_status":"","tdm_grid_status":"","footnotes":""},"categories":[1],"tags":[141,114,117,22,116,119],"class_list":{"0":"post-11950","1":"post","2":"type-post","3":"status-publish","4":"format-standard","5":"has-post-thumbnail","7":"category-rugby","8":"tag-areco","9":"tag-lrc","10":"tag-lujan","11":"tag-promocion","12":"tag-rugby","13":"tag-urba"},"_links":{"self":[{"href":"https:\/\/diariodelujan.com\/xdeporte\/wp-json\/wp\/v2\/posts\/11950","targetHints":{"allow":["GET"]}}],"collection":[{"href":"https:\/\/diariodelujan.com\/xdeporte\/wp-json\/wp\/v2\/posts"}],"about":[{"href":"https:\/\/diariodelujan.com\/xdeporte\/wp-json\/wp\/v2\/types\/post"}],"author":[{"embeddable":true,"href":"https:\/\/diariodelujan.com\/xdeporte\/wp-json\/wp\/v2\/users\/3"}],"replies":[{"embeddable":true,"href":"https:\/\/diariodelujan.com\/xdeporte\/wp-json\/wp\/v2\/comments?post=11950"}],"version-history":[{"count":0,"href":"https:\/\/diariodelujan.com\/xdeporte\/wp-json\/wp\/v2\/posts\/11950\/revisions"}],"wp:featuredmedia":[{"embeddable":true,"href":"https:\/\/diariodelujan.com\/xdeporte\/wp-json\/wp\/v2\/media\/11978"}],"wp:attachment":[{"href":"https:\/\/diariodelujan.com\/xdeporte\/wp-json\/wp\/v2\/media?parent=11950"}],"wp:term":[{"taxonomy":"category","embeddable":true,"href":"https:\/\/diariodelujan.com\/xdeporte\/wp-json\/wp\/v2\/categories?post=11950"},{"taxonomy":"post_tag","embeddable":true,"href":"https:\/\/diariodelujan.com\/xdeporte\/wp-json\/wp\/v2\/tags?post=11950"}],"curies":[{"name":"wp","href":"https:\/\/api.w.org\/{rel}","templated":true}]}}