{"id":12009,"date":"2024-06-10T09:34:04","date_gmt":"2024-06-10T12:34:04","guid":{"rendered":"https:\/\/www.diariodelujan.com\/?p=12009"},"modified":"2024-06-10T09:34:04","modified_gmt":"2024-06-10T12:34:04","slug":"el-lujanero-busca-otro-triunfo","status":"publish","type":"post","link":"https:\/\/diariodelujan.com\/xdeporte\/el-lujanero-busca-otro-triunfo\/","title":{"rendered":"El Lujanero busca su 3\u00b0 Triunfo Consecutivo Espa\u00f1ol"},"content":{"rendered":"<p><span style=\"font-family: georgia, palatino, serif; font-size: 14pt;\"><em>El Lujanero est\u00e1 decidido a mantener su racha ganadora. Este lunes, desde las 15 horas, se enfrentar\u00e1 a Deportivo Espa\u00f1ol en el estadio Nueva Espa\u00f1a del Bajo Flores.<\/em><\/span><!--more--><\/p>\n<p>[dropcap]C[\/dropcap]on dos victorias consecutivas en su haber, el equipo dirigido por Gerardo Garate busca sumar otro triunfo que lo acerque a los primeros puestos de la tabla.<\/p>\n<h2><span style=\"font-size: 14pt;\">Contexto del Encuentro<\/span><\/h2>\n<p>El partido promete ser un desaf\u00edo considerable para el Lujanero. Deportivo Espa\u00f1ol, conocido por ser un rival complicado y por la dificultad de jugar en su estadio, pondr\u00e1 a prueba la capacidad del equipo visitante para mantener su <a href=\"https:\/\/www.diariodelujan.com\/lujan-lo-dio-vuelta\/\">buen momento<\/a>. Sin embargo, el \u00e1nimo y la confianza en el plantel de Luj\u00e1n est\u00e1n en alza tras los \u00faltimos resultados positivos.<\/p>\n<h3><strong><span style=\"font-size: 14pt;\">La posible formaci\u00f3n del lujanero<\/span><\/strong><\/h3>\n<p>Para este crucial enfrentamiento, el t\u00e9cnico Gerardo Garate se ha visto obligado a realizar una modificaci\u00f3n en su alineaci\u00f3n titular. Cristi\u00e1n Chimino, uno de los pilares del equipo, no podr\u00e1 participar debido a que ha acumulado cinco tarjetas amarillas. En su lugar, Rodrigo Dinocco tomar\u00e1 su posici\u00f3n en el campo. Dinocco tendr\u00e1 la responsabilidad de mantener la solidez defensiva y contribuir al juego del equipo.<\/p>\n<p>Adem\u00e1s, hay buenas noticias en cuanto a las recuperaciones m\u00e9dicas. Tanto Thiago Riffa como Pedro Alfonso han recibido el alta y est\u00e1n a disposici\u00f3n del entrenador. Su retorno al equipo proporciona mayor profundidad y opciones en la plantilla, algo crucial para enfrentar a un rival de la envergadura de Deportivo Espa\u00f1ol.<br \/>\nProbable Alineaci\u00f3n del Lujanero<\/p>\n<p>Con la inclusi\u00f3n de Rodrigo Dinocco, la probable formaci\u00f3n del Lujanero ser\u00e1 la siguiente:<\/p>\n<p><strong>Arquero:<\/strong> Nahuel Vali\u00f1as<br \/>\n<strong>Defensores:<\/strong> Rodrigo Dinocco, Cristi\u00e1n Godoy, Di\u00f3genes Notta y Alexis Grzciak<br \/>\n<strong>Mediocampistas:<\/strong> Facundo Rojas, Maximiliano Pighin, Marcos Giacovino y Federico Pellegrino<br \/>\n<strong>Delanteros:<\/strong> Eladio Ramos y Lisandro S\u00e1nchez Olmos<\/p>\n<p>El equipo ser\u00e1 dirigido por Gerardo Garate y el \u00e1rbitro del encuentro ser\u00e1 Mart\u00edn Desposito.<\/p>\n<h4><strong><span style=\"font-size: 14pt;\">Estrategia y Claves del Partido<\/span><\/strong><\/h4>\n<p>Lujan deber\u00e1 mantener la disciplina t\u00e1ctica y aprovechar las oportunidades que se presenten. La defensa jugar\u00e1 un papel crucial para neutralizar los ataques del Deportivo Espa\u00f1ol, mientras que los mediocampistas tendr\u00e1n la misi\u00f3n de controlar el ritmo del partido y generar juego para los delanteros.<\/p>\n<p>La velocidad y precisi\u00f3n de Eladio Ramos y Lisandro S\u00e1nchez Olmos en el ataque ser\u00e1n vitales para romper la defensa rival y buscar el gol que incline la balanza a favor de Luj\u00e1n. Por otro lado, el trabajo en el medio campo de Maximiliano Pighin y Marcos Giacovino ser\u00e1 esencial para conectar la defensa con el ataque y mantener el equilibrio del equipo.<br \/>\nExpectativas y Objetivos<\/p>\n<p><strong>El objetivo es claro:<\/strong> conseguir la tercera victoria consecutiva y seguir escalando posiciones en la tabla del Apertura. Una victoria no solo sumar\u00eda tres puntos importantes, sino que tambi\u00e9n consolidar\u00eda la confianza del equipo y el cuerpo t\u00e9cnico. Adem\u00e1s, mantener la racha ganadora contribuir\u00eda a la moral del plantel y a la ilusi\u00f3n de los hinchas, que ven con buenos ojos la posibilidad de pelear por objetivos ambiciosos esta temporada.<\/p>\n<p><strong>Lo que Viene<\/strong><\/p>\n<p>Despu\u00e9s del partido contra Deportivo Espa\u00f1ol, el Lujanero deber\u00e1 continuar trabajando para mantener su forma y seguir cosechando buenos resultados. Con la vuelta de jugadores clave como Riffa y Alfonso, el equipo tiene la posibilidad de mejorar a\u00fan m\u00e1s su rendimiento y afrontar los pr\u00f3ximos desaf\u00edos con renovadas energ\u00edas y optimismo.<\/p>\n<p><span style=\"color: #999999;\">Foto <a style=\"color: #999999;\" href=\"https:\/\/www.clublujan.com.ar\/\" target=\"_blank\" rel=\"noopener\">Club Luj\u00e1n<\/a><\/span><\/p>\n","protected":false},"excerpt":{"rendered":"<p>El Lujanero est\u00e1 decidido a mantener su racha ganadora. Este lunes, desde las 15 horas, se enfrentar\u00e1 a Deportivo Espa\u00f1ol en el estadio Nueva Espa\u00f1a del Bajo Flores.<\/p>\n","protected":false},"author":4,"featured_media":12013,"comment_status":"closed","ping_status":"closed","sticky":false,"template":"","format":"standard","meta":{"tdm_status":"","tdm_grid_status":"","footnotes":""},"categories":[8],"tags":[240,117],"class_list":{"0":"post-12009","1":"post","2":"type-post","3":"status-publish","4":"format-standard","5":"has-post-thumbnail","8":"tag-espanol","9":"tag-lujan"},"_links":{"self":[{"href":"https:\/\/diariodelujan.com\/xdeporte\/wp-json\/wp\/v2\/posts\/12009","targetHints":{"allow":["GET"]}}],"collection":[{"href":"https:\/\/diariodelujan.com\/xdeporte\/wp-json\/wp\/v2\/posts"}],"about":[{"href":"https:\/\/diariodelujan.com\/xdeporte\/wp-json\/wp\/v2\/types\/post"}],"author":[{"embeddable":true,"href":"https:\/\/diariodelujan.com\/xdeporte\/wp-json\/wp\/v2\/users\/4"}],"replies":[{"embeddable":true,"href":"https:\/\/diariodelujan.com\/xdeporte\/wp-json\/wp\/v2\/comments?post=12009"}],"version-history":[{"count":0,"href":"https:\/\/diariodelujan.com\/xdeporte\/wp-json\/wp\/v2\/posts\/12009\/revisions"}],"wp:featuredmedia":[{"embeddable":true,"href":"https:\/\/diariodelujan.com\/xdeporte\/wp-json\/wp\/v2\/media\/12013"}],"wp:attachment":[{"href":"https:\/\/diariodelujan.com\/xdeporte\/wp-json\/wp\/v2\/media?parent=12009"}],"wp:term":[{"taxonomy":"category","embeddable":true,"href":"https:\/\/diariodelujan.com\/xdeporte\/wp-json\/wp\/v2\/categories?post=12009"},{"taxonomy":"post_tag","embeddable":true,"href":"https:\/\/diariodelujan.com\/xdeporte\/wp-json\/wp\/v2\/tags?post=12009"}],"curies":[{"name":"wp","href":"https:\/\/api.w.org\/{rel}","templated":true}]}}