{"id":12066,"date":"2024-06-10T19:44:34","date_gmt":"2024-06-10T22:44:34","guid":{"rendered":"https:\/\/www.diariodelujan.com\/?p=12066"},"modified":"2024-06-10T19:44:34","modified_gmt":"2024-06-10T22:44:34","slug":"el-lujanero-no-pudo-con-espanol","status":"publish","type":"post","link":"https:\/\/diariodelujan.com\/xdeporte\/el-lujanero-no-pudo-con-espanol\/","title":{"rendered":"El Lujanero no pudo con Deportivo Espa\u00f1ol"},"content":{"rendered":"<p><span style=\"font-family: georgia, palatino, serif; font-size: 14pt;\"><em>Por la tarde del lunes, el Lujanero visit\u00f3 a Deportivo Espa\u00f1ol en el Bajo Flores y cay\u00f3 derrotado por 2 a 0. Luj\u00e1n recibir\u00e1 a Atlas en la pr\u00f3xima fecha.<\/em><\/span><\/p>\n<p><!--more--><\/p>\n<p><img loading=\"lazy\" decoding=\"async\" class=\"alignnone size-full wp-image-12076\" src=\"https:\/\/diariodelujan.com\/xdeporte\/wp-content\/uploads\/2024\/06\/dep-espanol-lujan-2024.webp\" alt=\"El Lujanero no pudo con Deportivo Espa\u00f1ol\" width=\"800\" height=\"578\" title=\"\" srcset=\"https:\/\/diariodelujan.com\/xdeporte\/wp-content\/uploads\/2024\/06\/dep-espanol-lujan-2024.webp 800w, https:\/\/diariodelujan.com\/xdeporte\/wp-content\/uploads\/2024\/06\/dep-espanol-lujan-2024-300x217.webp 300w, https:\/\/diariodelujan.com\/xdeporte\/wp-content\/uploads\/2024\/06\/dep-espanol-lujan-2024-768x555.webp 768w, https:\/\/diariodelujan.com\/xdeporte\/wp-content\/uploads\/2024\/06\/dep-espanol-lujan-2024-581x420.webp 581w, https:\/\/diariodelujan.com\/xdeporte\/wp-content\/uploads\/2024\/06\/dep-espanol-lujan-2024-696x503.webp 696w\" sizes=\"auto, (max-width: 800px) 100vw, 800px\" \/><\/p>\n<p>[dropcap]E[\/dropcap]n el encuentro correspondiente a la fecha 21 del torneo, <a href=\"https:\/\/www.facebook.com\/www.clublujan.com.ar\" target=\"_blank\" rel=\"noopener\"><em>el Lujanero<\/em><\/a> sufri\u00f3 una derrota ante Deportivo Espa\u00f1ol por 2 a 0 en el Bajo Flores.<\/p>\n<h4><strong><span style=\"font-size: 14pt;\">La derrota del Lujanero<\/span><\/strong><\/h4>\n<p>El partido, que se disput\u00f3 el lunes desde las 15:00 horas, comenz\u00f3 con un temprano intento de Luj\u00e1n por abrir el marcador, con un remate que impact\u00f3 en el travesa\u00f1o a tan solo 40 segundos de iniciado el encuentro. Al principio, el juego estaba parejo, pero con el correr de los minutos, el local tom\u00f3 protagonismo.<\/p>\n<p>Durante ese dominio, Espa\u00f1ol logr\u00f3 imponerse en el juego y, aprovechando las oportunidades que se le presentaron, se puso en ventaja con gol Ricardo Cabrera.<\/p>\n<p>La ausencia del arquero titular de Luj\u00e1n, debido a una lesi\u00f3n en el aductor, marc\u00f3 el inicio del complemento, siendo reemplazado por Ignacio Gallardo, quien debut\u00f3 en el arco del equipo. A pesar de los intentos del conjunto visitante por revertir la situaci\u00f3n, careci\u00f3 de variantes efectivas para generar peligro en el \u00e1rea rival.<\/p>\n<p>Los cambios realizados por el t\u00e9cnico Gerardo Garate, con las incorporaciones de Sim\u00f3n Mart\u00ednez y Gonzalo Ca\u00f1ete, no lograron cambiar el rumbo del partido, mientras que Espa\u00f1ol ampli\u00f3 su ventaja con un cabezazo de Federico Gonz\u00e1lez a los 38 minutos del segundo tiempo, sentenciando as\u00ed el resultado final.<\/p>\n<p>Con esta derrota, Luj\u00e1n pone fin a una racha de cinco partidos sin conocer la derrota, qued\u00e1ndose con un sabor amargo y la necesidad de replantear estrategias para los pr\u00f3ximos encuentros.<\/p>\n","protected":false},"excerpt":{"rendered":"<p>Por la tarde del lunes, el Lujanero visit\u00f3 a Deportivo Espa\u00f1ol en el Bajo Flores y cay\u00f3 derrotado por 2 a 0. Luj\u00e1n recibir\u00e1 a Atlas en la pr\u00f3xima fecha.<\/p>\n","protected":false},"author":4,"featured_media":12076,"comment_status":"closed","ping_status":"closed","sticky":false,"template":"","format":"standard","meta":{"tdm_status":"","tdm_grid_status":"","footnotes":""},"categories":[8],"tags":[240,117,184,130,22],"class_list":{"0":"post-12066","1":"post","2":"type-post","3":"status-publish","4":"format-standard","5":"has-post-thumbnail","8":"tag-espanol","9":"tag-lujan","10":"tag-lujanero","11":"tag-primera-c","12":"tag-promocion"},"_links":{"self":[{"href":"https:\/\/diariodelujan.com\/xdeporte\/wp-json\/wp\/v2\/posts\/12066","targetHints":{"allow":["GET"]}}],"collection":[{"href":"https:\/\/diariodelujan.com\/xdeporte\/wp-json\/wp\/v2\/posts"}],"about":[{"href":"https:\/\/diariodelujan.com\/xdeporte\/wp-json\/wp\/v2\/types\/post"}],"author":[{"embeddable":true,"href":"https:\/\/diariodelujan.com\/xdeporte\/wp-json\/wp\/v2\/users\/4"}],"replies":[{"embeddable":true,"href":"https:\/\/diariodelujan.com\/xdeporte\/wp-json\/wp\/v2\/comments?post=12066"}],"version-history":[{"count":0,"href":"https:\/\/diariodelujan.com\/xdeporte\/wp-json\/wp\/v2\/posts\/12066\/revisions"}],"wp:featuredmedia":[{"embeddable":true,"href":"https:\/\/diariodelujan.com\/xdeporte\/wp-json\/wp\/v2\/media\/12076"}],"wp:attachment":[{"href":"https:\/\/diariodelujan.com\/xdeporte\/wp-json\/wp\/v2\/media?parent=12066"}],"wp:term":[{"taxonomy":"category","embeddable":true,"href":"https:\/\/diariodelujan.com\/xdeporte\/wp-json\/wp\/v2\/categories?post=12066"},{"taxonomy":"post_tag","embeddable":true,"href":"https:\/\/diariodelujan.com\/xdeporte\/wp-json\/wp\/v2\/tags?post=12066"}],"curies":[{"name":"wp","href":"https:\/\/api.w.org\/{rel}","templated":true}]}}