{"id":12307,"date":"2024-06-15T10:38:03","date_gmt":"2024-06-15T13:38:03","guid":{"rendered":"https:\/\/www.diariodelujan.com\/?p=12307"},"modified":"2024-06-15T10:38:03","modified_gmt":"2024-06-15T13:38:03","slug":"el-lujanero-busca-otro-triunfo-de-local","status":"publish","type":"post","link":"https:\/\/diariodelujan.com\/xdeporte\/el-lujanero-busca-otro-triunfo-de-local\/","title":{"rendered":"El lujanero busca otro triunfo de local"},"content":{"rendered":"<p><span style=\"font-family: georgia, palatino, serif; font-size: 14pt;\"><em>Se juega la 22\u00b0 fecha del apertura de la Primera C y el lujanero buscar\u00e1 afirmarse de local con otro triunfo en el estadio 1\u00b0 de Abril.<\/em><\/span><!--more--><\/p>\n<p>[dropcap]E[\/dropcap]ste s\u00e1bado, el equipo de la banda se prepara para recibir a Atlas en el estadio 1\u00ba de Abril, en un partido clave para mantenerse en la lucha por acercarse a los primeros puestos de la tabla.<\/p>\n<p>A partir de las 15:00 horas, los dirigidos por Gerardo Garate buscar\u00e1n revertir el mal trago de la semana pasada, cuando cayeron ante Deportivo Espa\u00f1ol en el Bajo Flores.<\/p>\n<h4><strong>El equipo del lujanero<\/strong><\/h4>\n<p>Garate ha decidido realizar varias modificaciones en la alineaci\u00f3n, obligado por las circunstancias y buscando mejorar el rendimiento del equipo. Una de las bajas m\u00e1s sensibles es la de Nahuel Vali\u00f1as, quien no podr\u00e1 jugar debido a una sobrecarga muscular en el aductor. Su lugar en el arco ser\u00e1 ocupado por Ignacio Gallardo, quien tendr\u00e1 la responsabilidad de mantener la porter\u00eda segura.<\/p>\n<p>En la defensa, Cristian Chimino regresar\u00e1 al equipo despu\u00e9s de cumplir su suspensi\u00f3n por acumulaci\u00f3n de tarjetas amarillas, reemplazando a Rodrigo Dinocco. Por el lateral izquierdo, Alexis Grzciak ceder\u00e1 su lugar a Thiago Riffa, mientras que Marcos Giacovino pasar\u00e1 a ocupar la posici\u00f3n de lateral izquierdo, portando el dorsal n\u00famero tres. Gonzalo Ca\u00f1ete tomar\u00e1 el lugar de Federico Pellegrino en el mediocampo, y Sim\u00f3n Mart\u00ednez no fue convocado debido a una dolencia f\u00edsica.<\/p>\n<p>La alineaci\u00f3n confirmada de Luj\u00e1n para este crucial encuentro, bajo la atenta mirada del \u00e1rbitro Ignacio Cuicchi, ser\u00e1: Ignacio Gallardo en el arco; una l\u00ednea defensiva formada por Cristian Chimino, Cristian Godoy, Di\u00f3genes Notta y Marcos Giacovino; en el mediocampo estar\u00e1n Facundo Rojas, Maximiliano Pighin, Thiago Riffa y Gonzalo Ca\u00f1ete; mientras que la delantera la integrar\u00e1n Eladio Ramos y Lisandro S\u00e1nchez Olmos.<\/p>\n<p>El equipo lujanero ha mostrado una notable fortaleza cuando juega de local, cambiando el chip y obteniendo resultados favorables en el estadio 1\u00ba de Abril. Esta capacidad para hacerse fuerte en casa ser\u00e1 puesta a prueba nuevamente ante Atlas, un equipo que tambi\u00e9n necesita sumar puntos para escalar en la tabla.<\/p>\n<p>La temporada ha sido un vaiv\u00e9n de emociones para el Luj\u00e1n, con actuaciones destacadas y algunos tropiezos que han mantenido al equipo en una posici\u00f3n expectante. El partido de este s\u00e1bado es una oportunidad dorada para consolidarse en los primeros puestos y enviar un mensaje claro a sus rivales directos.<\/p>\n<p>Gerardo Garate conf\u00eda en que los cambios en la alineaci\u00f3n aportar\u00e1n la frescura y solidez necesarias para afrontar el desaf\u00edo. La inclusi\u00f3n de jugadores como Ignacio Gallardo y Cristian Chimino a\u00f1ade experiencia y capacidad al equipo, mientras que la juventud y el \u00edmpetu de Thiago Riffa y Gonzalo Ca\u00f1ete podr\u00edan ser determinantes en el desarrollo del juego.<\/p>\n<p>La hinchada lujanera, conocida por su pasi\u00f3n y apoyo incondicional, se prepara para llenar las gradas del estadio 1\u00ba de Abril y alentar a su equipo en este importante encuentro. El respaldo del p\u00fablico ser\u00e1 crucial para impulsar al equipo hacia una victoria que puede resultar vital en sus aspiraciones de la temporada.<\/p>\n<p>El duelo entre Luj\u00e1n y Atlas promete ser un espect\u00e1culo de f\u00fatbol, lleno de intensidad y emoci\u00f3n. Ambos equipos tienen mucho en juego, y cada punto cuenta en la carrera por los primeros puestos. Para el Luj\u00e1n, el objetivo es claro: sumar de a tres y seguir so\u00f1ando con los puestos de privilegio.<\/p>\n","protected":false},"excerpt":{"rendered":"<p>Se juega la 22\u00b0 fecha del apertura de la Primera C y el lujanero buscar\u00e1 afirmarse de local con otro triunfo en el estadio 1\u00b0 de Abril.<\/p>\n","protected":false},"author":4,"featured_media":12311,"comment_status":"closed","ping_status":"closed","sticky":false,"template":"","format":"standard","meta":{"tdm_status":"","tdm_grid_status":"","footnotes":""},"categories":[8],"tags":[242,173,117,130],"class_list":{"0":"post-12307","1":"post","2":"type-post","3":"status-publish","4":"format-standard","5":"has-post-thumbnail","7":"category-futbol","8":"tag-atnas","9":"tag-futbol","10":"tag-lujan","11":"tag-primera-c"},"_links":{"self":[{"href":"https:\/\/diariodelujan.com\/xdeporte\/wp-json\/wp\/v2\/posts\/12307","targetHints":{"allow":["GET"]}}],"collection":[{"href":"https:\/\/diariodelujan.com\/xdeporte\/wp-json\/wp\/v2\/posts"}],"about":[{"href":"https:\/\/diariodelujan.com\/xdeporte\/wp-json\/wp\/v2\/types\/post"}],"author":[{"embeddable":true,"href":"https:\/\/diariodelujan.com\/xdeporte\/wp-json\/wp\/v2\/users\/4"}],"replies":[{"embeddable":true,"href":"https:\/\/diariodelujan.com\/xdeporte\/wp-json\/wp\/v2\/comments?post=12307"}],"version-history":[{"count":0,"href":"https:\/\/diariodelujan.com\/xdeporte\/wp-json\/wp\/v2\/posts\/12307\/revisions"}],"wp:featuredmedia":[{"embeddable":true,"href":"https:\/\/diariodelujan.com\/xdeporte\/wp-json\/wp\/v2\/media\/12311"}],"wp:attachment":[{"href":"https:\/\/diariodelujan.com\/xdeporte\/wp-json\/wp\/v2\/media?parent=12307"}],"wp:term":[{"taxonomy":"category","embeddable":true,"href":"https:\/\/diariodelujan.com\/xdeporte\/wp-json\/wp\/v2\/categories?post=12307"},{"taxonomy":"post_tag","embeddable":true,"href":"https:\/\/diariodelujan.com\/xdeporte\/wp-json\/wp\/v2\/tags?post=12307"}],"curies":[{"name":"wp","href":"https:\/\/api.w.org\/{rel}","templated":true}]}}