{"id":12522,"date":"2024-06-22T22:54:56","date_gmt":"2024-06-23T01:54:56","guid":{"rendered":"https:\/\/www.diariodelujan.com\/?p=12522"},"modified":"2024-06-22T22:54:56","modified_gmt":"2024-06-23T01:54:56","slug":"el-lujanero-recibe-a-argentino","status":"publish","type":"post","link":"https:\/\/diariodelujan.com\/xdeporte\/el-lujanero-recibe-a-argentino\/","title":{"rendered":"El Lujanero recibe a Argentino (R) por la pen\u00faltima fecha"},"content":{"rendered":"<p><span style=\"font-size: 14pt; font-family: georgia, palatino, serif;\"><em>Por la fecha 24 del Apertura, el Lujanero recibir\u00e1 a Argentino de Rosario en el 1\u00b0 de Abril e intentar\u00e1 romper la racha de tres derrotas al hilo.<\/em><\/span><\/p>\n<p><!--more--><\/p>\n<p><img loading=\"lazy\" decoding=\"async\" class=\"size-full wp-image-12545 aligncenter\" src=\"https:\/\/diariodelujan.com\/xdeporte\/wp-content\/uploads\/2024\/06\/previa-lujan-arg-rosario.webp\" alt=\"El Lujanero recibe a Argentino (R) por la pen\u00faltima fecha\" width=\"800\" height=\"578\" title=\"\" srcset=\"https:\/\/diariodelujan.com\/xdeporte\/wp-content\/uploads\/2024\/06\/previa-lujan-arg-rosario.webp 800w, https:\/\/diariodelujan.com\/xdeporte\/wp-content\/uploads\/2024\/06\/previa-lujan-arg-rosario-300x217.webp 300w, https:\/\/diariodelujan.com\/xdeporte\/wp-content\/uploads\/2024\/06\/previa-lujan-arg-rosario-768x555.webp 768w, https:\/\/diariodelujan.com\/xdeporte\/wp-content\/uploads\/2024\/06\/previa-lujan-arg-rosario-581x420.webp 581w, https:\/\/diariodelujan.com\/xdeporte\/wp-content\/uploads\/2024\/06\/previa-lujan-arg-rosario-696x503.webp 696w\" sizes=\"auto, (max-width: 800px) 100vw, 800px\" \/><\/p>\n<p>[dropcap]E[\/dropcap]ste domingo, <em><a href=\"https:\/\/www.facebook.com\/www.clublujan.com.ar\" target=\"_blank\" rel=\"noopener\">el Lujanero<\/a>\u00a0<\/em>ser\u00e1 anfitri\u00f3n ante Argentino a partir de las 15 horas, con el arbitraje de Manuel Girett.<\/p>\n<h4><span style=\"font-size: 14pt;\"><em>El Lujanero<\/em> quiere cortar su mala racha<\/span><\/h4>\n<p>El conjunto de nuestra ciudad viene de tres derrotas consecutivas y buscar\u00e1 cerrar el Apertura en su \u00faltimo partido como local con un triunfo. En la \u00faltima fecha, Luj\u00e1n viajar\u00e1 a la ciudad de Pilar para enfrentar all\u00ed al <em>Monarca<\/em>.<\/p>\n<p><em>El Albo<\/em>, por su lado, ha tenido un buen rendimiento en este torneo y llega a la ciudad de Luj\u00e1n luego de vapulear 4 a 1 a Sportivo Barracas. En esta jornada, tratar\u00e1 de amargarle la tarde a <em>los Lujaneros<\/em> y luego finalizar\u00e1 esta competencia recibiendo en su casa a El Porvenir.<\/p>\n","protected":false},"excerpt":{"rendered":"<p>Por la fecha 24 del Apertura, el Lujanero recibir\u00e1 a Argentino de Rosario en el 1\u00b0 de Abril e intentar\u00e1 romper la racha de tres derrotas al hilo.<\/p>\n","protected":false},"author":4,"featured_media":12545,"comment_status":"closed","ping_status":"closed","sticky":false,"template":"","format":"standard","meta":{"tdm_status":"","tdm_grid_status":"","footnotes":""},"categories":[8],"tags":[244,173,117,184,130],"class_list":{"0":"post-12522","1":"post","2":"type-post","3":"status-publish","4":"format-standard","5":"has-post-thumbnail","7":"category-futbol","8":"tag-argentino-rosario","9":"tag-futbol","10":"tag-lujan","11":"tag-lujanero","12":"tag-primera-c"},"_links":{"self":[{"href":"https:\/\/diariodelujan.com\/xdeporte\/wp-json\/wp\/v2\/posts\/12522","targetHints":{"allow":["GET"]}}],"collection":[{"href":"https:\/\/diariodelujan.com\/xdeporte\/wp-json\/wp\/v2\/posts"}],"about":[{"href":"https:\/\/diariodelujan.com\/xdeporte\/wp-json\/wp\/v2\/types\/post"}],"author":[{"embeddable":true,"href":"https:\/\/diariodelujan.com\/xdeporte\/wp-json\/wp\/v2\/users\/4"}],"replies":[{"embeddable":true,"href":"https:\/\/diariodelujan.com\/xdeporte\/wp-json\/wp\/v2\/comments?post=12522"}],"version-history":[{"count":0,"href":"https:\/\/diariodelujan.com\/xdeporte\/wp-json\/wp\/v2\/posts\/12522\/revisions"}],"wp:featuredmedia":[{"embeddable":true,"href":"https:\/\/diariodelujan.com\/xdeporte\/wp-json\/wp\/v2\/media\/12545"}],"wp:attachment":[{"href":"https:\/\/diariodelujan.com\/xdeporte\/wp-json\/wp\/v2\/media?parent=12522"}],"wp:term":[{"taxonomy":"category","embeddable":true,"href":"https:\/\/diariodelujan.com\/xdeporte\/wp-json\/wp\/v2\/categories?post=12522"},{"taxonomy":"post_tag","embeddable":true,"href":"https:\/\/diariodelujan.com\/xdeporte\/wp-json\/wp\/v2\/tags?post=12522"}],"curies":[{"name":"wp","href":"https:\/\/api.w.org\/{rel}","templated":true}]}}