{"id":12563,"date":"2024-06-23T19:21:52","date_gmt":"2024-06-23T22:21:52","guid":{"rendered":"https:\/\/www.diariodelujan.com\/?p=12563"},"modified":"2024-06-23T19:21:52","modified_gmt":"2024-06-23T22:21:52","slug":"el-lujanero-lo-dio-vuelta","status":"publish","type":"post","link":"https:\/\/diariodelujan.com\/xdeporte\/el-lujanero-lo-dio-vuelta\/","title":{"rendered":"El Lujanero se lo dio vuelta a Argentino"},"content":{"rendered":"<p><span style=\"font-family: georgia, palatino, serif; font-size: 14pt;\"><em>En el encuentro que se jug\u00f3 este domingo en el 1\u00b0 de Abril, el Lujanero logr\u00f3 una importante victoria por 2-1 sobre Argentino de Rosario, correspondiente a la 24\u00aa fecha del torneo.<\/em><\/span><\/p>\n<p><!--more--><\/p>\n<p><img loading=\"lazy\" decoding=\"async\" class=\"size-full wp-image-12570 aligncenter\" src=\"https:\/\/diariodelujan.com\/xdeporte\/wp-content\/uploads\/2024\/06\/lujan-arg-rosario.webp\" alt=\"El Lujanero se lo dio vuelta a Argentino\" width=\"800\" height=\"578\" title=\"\" srcset=\"https:\/\/diariodelujan.com\/xdeporte\/wp-content\/uploads\/2024\/06\/lujan-arg-rosario.webp 800w, https:\/\/diariodelujan.com\/xdeporte\/wp-content\/uploads\/2024\/06\/lujan-arg-rosario-300x217.webp 300w, https:\/\/diariodelujan.com\/xdeporte\/wp-content\/uploads\/2024\/06\/lujan-arg-rosario-768x555.webp 768w, https:\/\/diariodelujan.com\/xdeporte\/wp-content\/uploads\/2024\/06\/lujan-arg-rosario-581x420.webp 581w, https:\/\/diariodelujan.com\/xdeporte\/wp-content\/uploads\/2024\/06\/lujan-arg-rosario-696x503.webp 696w\" sizes=\"auto, (max-width: 800px) 100vw, 800px\" \/><\/p>\n<p>[dropcap]E[\/dropcap]ste fin de semana, <a href=\"https:\/\/www.facebook.com\/www.clublujan.com.ar\" target=\"_blank\" rel=\"noopener\"><em>el Lujanero<\/em><\/a> derrot\u00f3 al Albo por la fecha 24 y se quit\u00f3 de encima la seguidilla de derrotas que acarreaba desde la derrota ante Espa\u00f1ol.<\/p>\n<h4><span style=\"font-size: 14pt;\">Un golpe para <em>el Lujanero<\/em> desde el primer tiempo<\/span><\/h4>\n<p>Argentino de Rosario, que ven\u00eda de una contundente victoria 4-1 sobre Sportivo Barracas, se adelant\u00f3 en el marcador a los 21 minutos gracias a un gol de Facundo Garc\u00eda. Sin embargo, Luj\u00e1n mostr\u00f3 una r\u00e1pida reacci\u00f3n.<\/p>\n<p>Rodrigo Dinocco estuvo cerca de empatar tras un rechazo corto del arquero, y Gonzalo Ca\u00f1ete tambi\u00e9n tuvo una oportunidad con un potente disparo desde media distancia, pero la pelota se rehusaba a meterse en la red.<\/p>\n<p>Antes del descanso, Nahuel Vali\u00f1as, el uno de Luj\u00e1n, evit\u00f3 el segundo gol de la visita con una gran atajada tras un remate de Garc\u00eda.<\/p>\n<p>En la segunda parte, Luj\u00e1n intensific\u00f3 su b\u00fasqueda del empate. A los 31 minutos, Mateo Tarr\u00edo estuvo cerca de marcar tras un centro desde la izquierda, pero su remate fue despejado en la l\u00ednea. Finalmente, a los 35 minutos, una combinaci\u00f3n de toques en el \u00e1rea permiti\u00f3 a S\u00e1nchez Olmos igualar el marcador, desatando la alegr\u00eda en el estadio.<\/p>\n<p>Ya en tiempo de descuento, Cristian Chimino desigual\u00f3 el partido con un remate cruzado, culminando una jugada iniciada por Alfonso.<\/p>\n<p>La pr\u00f3xima semana, Luj\u00e1n cerrar\u00e1 el Apertura ante Real Pilar, en la ciudad del mismo nombre.<\/p>\n","protected":false},"excerpt":{"rendered":"<p>En el encuentro que se jug\u00f3 este domingo en el 1\u00b0 de Abril, el Lujanero logr\u00f3 una importante victoria por 2-1 sobre Argentino de Rosario, correspondiente a la 24\u00aa fecha del torneo.<\/p>\n","protected":false},"author":4,"featured_media":12570,"comment_status":"closed","ping_status":"closed","sticky":false,"template":"","format":"standard","meta":{"tdm_status":"","tdm_grid_status":"","footnotes":""},"categories":[8],"tags":[244,173,117,184,130,22],"class_list":{"0":"post-12563","1":"post","2":"type-post","3":"status-publish","4":"format-standard","5":"has-post-thumbnail","7":"category-futbol","8":"tag-argentino-rosario","9":"tag-futbol","10":"tag-lujan","11":"tag-lujanero","12":"tag-primera-c","13":"tag-promocion"},"_links":{"self":[{"href":"https:\/\/diariodelujan.com\/xdeporte\/wp-json\/wp\/v2\/posts\/12563","targetHints":{"allow":["GET"]}}],"collection":[{"href":"https:\/\/diariodelujan.com\/xdeporte\/wp-json\/wp\/v2\/posts"}],"about":[{"href":"https:\/\/diariodelujan.com\/xdeporte\/wp-json\/wp\/v2\/types\/post"}],"author":[{"embeddable":true,"href":"https:\/\/diariodelujan.com\/xdeporte\/wp-json\/wp\/v2\/users\/4"}],"replies":[{"embeddable":true,"href":"https:\/\/diariodelujan.com\/xdeporte\/wp-json\/wp\/v2\/comments?post=12563"}],"version-history":[{"count":0,"href":"https:\/\/diariodelujan.com\/xdeporte\/wp-json\/wp\/v2\/posts\/12563\/revisions"}],"wp:featuredmedia":[{"embeddable":true,"href":"https:\/\/diariodelujan.com\/xdeporte\/wp-json\/wp\/v2\/media\/12570"}],"wp:attachment":[{"href":"https:\/\/diariodelujan.com\/xdeporte\/wp-json\/wp\/v2\/media?parent=12563"}],"wp:term":[{"taxonomy":"category","embeddable":true,"href":"https:\/\/diariodelujan.com\/xdeporte\/wp-json\/wp\/v2\/categories?post=12563"},{"taxonomy":"post_tag","embeddable":true,"href":"https:\/\/diariodelujan.com\/xdeporte\/wp-json\/wp\/v2\/tags?post=12563"}],"curies":[{"name":"wp","href":"https:\/\/api.w.org\/{rel}","templated":true}]}}