{"id":12845,"date":"2024-06-28T23:21:25","date_gmt":"2024-06-29T02:21:25","guid":{"rendered":"https:\/\/www.diariodelujan.com\/?p=12845"},"modified":"2024-06-28T23:21:25","modified_gmt":"2024-06-29T02:21:25","slug":"lujan-y-flandria-juegan-el-sabado","status":"publish","type":"post","link":"https:\/\/diariodelujan.com\/xdeporte\/lujan-y-flandria-juegan-el-sabado\/","title":{"rendered":"Luj\u00e1n y Flandria juegan el s\u00e1bado"},"content":{"rendered":"<p><span style=\"font-family: georgia, palatino, serif; font-size: 14pt;\"><em>Este fin de semana, Luj\u00e1n y Flandria jugar\u00e1n sus encuentros el s\u00e1bado: Real Pilar recibe a Luj\u00e1n a las 15 horas, mientras que Colegiales se enfrenta a Flandria a las 17.<\/em><\/span><\/p>\n<p><!--more--><\/p>\n<p><img loading=\"lazy\" decoding=\"async\" class=\"size-full wp-image-12855 aligncenter\" src=\"https:\/\/diariodelujan.com\/xdeporte\/wp-content\/uploads\/2024\/06\/previa-lujan-y-flandria-28-06.webp\" alt=\"Luj\u00e1n y Flandria juegan el s\u00e1bado\" width=\"817\" height=\"460\" title=\"\" srcset=\"https:\/\/diariodelujan.com\/xdeporte\/wp-content\/uploads\/2024\/06\/previa-lujan-y-flandria-28-06.webp 817w, https:\/\/diariodelujan.com\/xdeporte\/wp-content\/uploads\/2024\/06\/previa-lujan-y-flandria-28-06-300x169.webp 300w, https:\/\/diariodelujan.com\/xdeporte\/wp-content\/uploads\/2024\/06\/previa-lujan-y-flandria-28-06-768x432.webp 768w, https:\/\/diariodelujan.com\/xdeporte\/wp-content\/uploads\/2024\/06\/previa-lujan-y-flandria-28-06-746x420.webp 746w, https:\/\/diariodelujan.com\/xdeporte\/wp-content\/uploads\/2024\/06\/previa-lujan-y-flandria-28-06-696x392.webp 696w\" sizes=\"auto, (max-width: 817px) 100vw, 817px\" \/><\/p>\n<p>[dropcap]E[\/dropcap]ste s\u00e1bado, <a href=\"https:\/\/www.facebook.com\/www.clublujan.com.ar\" target=\"_blank\" rel=\"noopener\">Luj\u00e1n<\/a> y <a href=\"https:\/\/www.facebook.com\/ClubsydFlandria\" target=\"_blank\" rel=\"noopener\">Flandria<\/a> juegan sus respectivos partidos en la Primera C y Primera B Metropolitana respectivamente.<\/p>\n<p>El conjunto dirigido por <em>el Piri<\/em> Garate visitar\u00e1 al <em>Monarca<\/em>, en Pilar, equipo con el que comparte la misma cantidad de puntos, para cerrar el Apertura.<\/p>\n<p>Por su lado, <em>el Canario<\/em> visitar\u00e1 a Colegiales, en Munro, por la segunda fecha de la Primera B, donde intentar\u00e1 conseguir su primer triunfo del Clausura.<\/p>\n<h4><span style=\"font-size: 14pt;\">C\u00f3mo llegan Luj\u00e1n y Flandria<\/span><\/h4>\n<p>Real Pilar y Luj\u00e1n, por la \u00faltima fecha, buscar\u00e1n cerrar el Apertura con una nota positiva. El anfitri\u00f3n quiere romper una racha de tres empates consecutivos en su disputa ante <em>el Lujanero<\/em>. Por su parte, Luj\u00e1n viene con la intenci\u00f3n de terminar su irregular desempe\u00f1o en este torneo con una victoria.<\/p>\n<p>A las 17 horas, en Munro, Colegiales se enfrentar\u00e1 a Flandria, tras arrancar el Clausura con el pie derecho, al derrotar a Villa San Carlos por 2 a 0. Flandria llega con la intenci\u00f3n de quitarse el mal sabor de boca que le dej\u00f3 la derrota en J\u00e1uregui contra Dock Sud.<\/p>\n","protected":false},"excerpt":{"rendered":"<p>Este fin de semana, Luj\u00e1n y Flandria jugar\u00e1n sus encuentros el s\u00e1bado: Real Pilar recibe a Luj\u00e1n a las 15 horas, mientras que Colegiales se enfrenta a Flandria a las 17.<\/p>\n","protected":false},"author":4,"featured_media":12855,"comment_status":"closed","ping_status":"closed","sticky":false,"template":"","format":"standard","meta":{"tdm_status":"","tdm_grid_status":"","footnotes":""},"categories":[8],"tags":[172,173,117,198,130],"class_list":{"0":"post-12845","1":"post","2":"type-post","3":"status-publish","4":"format-standard","5":"has-post-thumbnail","7":"category-futbol","8":"tag-flandria","9":"tag-futbol","10":"tag-lujan","11":"tag-primera-b","12":"tag-primera-c"},"_links":{"self":[{"href":"https:\/\/diariodelujan.com\/xdeporte\/wp-json\/wp\/v2\/posts\/12845","targetHints":{"allow":["GET"]}}],"collection":[{"href":"https:\/\/diariodelujan.com\/xdeporte\/wp-json\/wp\/v2\/posts"}],"about":[{"href":"https:\/\/diariodelujan.com\/xdeporte\/wp-json\/wp\/v2\/types\/post"}],"author":[{"embeddable":true,"href":"https:\/\/diariodelujan.com\/xdeporte\/wp-json\/wp\/v2\/users\/4"}],"replies":[{"embeddable":true,"href":"https:\/\/diariodelujan.com\/xdeporte\/wp-json\/wp\/v2\/comments?post=12845"}],"version-history":[{"count":0,"href":"https:\/\/diariodelujan.com\/xdeporte\/wp-json\/wp\/v2\/posts\/12845\/revisions"}],"wp:featuredmedia":[{"embeddable":true,"href":"https:\/\/diariodelujan.com\/xdeporte\/wp-json\/wp\/v2\/media\/12855"}],"wp:attachment":[{"href":"https:\/\/diariodelujan.com\/xdeporte\/wp-json\/wp\/v2\/media?parent=12845"}],"wp:term":[{"taxonomy":"category","embeddable":true,"href":"https:\/\/diariodelujan.com\/xdeporte\/wp-json\/wp\/v2\/categories?post=12845"},{"taxonomy":"post_tag","embeddable":true,"href":"https:\/\/diariodelujan.com\/xdeporte\/wp-json\/wp\/v2\/tags?post=12845"}],"curies":[{"name":"wp","href":"https:\/\/api.w.org\/{rel}","templated":true}]}}