{"id":12866,"date":"2024-06-29T19:27:21","date_gmt":"2024-06-29T22:27:21","guid":{"rendered":"https:\/\/www.diariodelujan.com\/?p=12866"},"modified":"2024-06-29T19:27:21","modified_gmt":"2024-06-29T22:27:21","slug":"el-lujanero-se-trajo-los-tres-puntos","status":"publish","type":"post","link":"https:\/\/diariodelujan.com\/xdeporte\/el-lujanero-se-trajo-los-tres-puntos\/","title":{"rendered":"El Lujanero se trajo los tres puntos"},"content":{"rendered":"<p><span style=\"font-family: georgia, palatino, serif; font-size: 14pt;\"><em>Por la \u00faltima fecha del Apertura, el Lujanero se qued\u00f3 con los tres puntos, en Pilar, al derrotar a Real Pilar por 2 a 1.<\/em><\/span><\/p>\n<p><!--more--><\/p>\n<p><img loading=\"lazy\" decoding=\"async\" class=\"size-full wp-image-12871 aligncenter\" src=\"https:\/\/diariodelujan.com\/xdeporte\/wp-content\/uploads\/2024\/06\/lujan-espanol-1-1.webp\" alt=\"El Lujanero se trajo los tres puntos\" width=\"800\" height=\"595\" title=\"\"><\/p>\n<p>[dropcap]E[\/dropcap]ste s\u00e1bado, <a href=\"https:\/\/www.facebook.com\/www.clublujan.com.ar\" target=\"_blank\" rel=\"noopener\"><em>el Lujanero<\/em><\/a> super\u00f3 a Real Pilar por 2 a 1 en lo que fue la \u00faltima fecha del Apertura de la Primera C.<\/p>\n<h5><strong>El partido del <em>Lujanero<\/em><\/strong><\/h5>\n<p>El encuentro inici\u00f3 de manera equilibrada, pero fue Luj\u00e1n quien abri\u00f3 el marcador. A los 18 minutos, un centro preciso de Marcos Giacovino encontr\u00f3 a Di\u00f3genes Notta, quien puso el 1-0 para <em>el Lujanero<\/em>.<\/p>\n<p>Apenas tres minutos despu\u00e9s, Lisandro S\u00e1nchez Olmos, en la puerta del \u00e1rea, asisti\u00f3 a Gonzalo Ca\u00f1ete, quien con un potente derechazo marc\u00f3 el 2-0.<\/p>\n<p>Con el marcador en contra, Real Pilar intensific\u00f3 su ataque y logr\u00f3 descontar a los 32 minutos. Luis Monje, con un remate certero desde el \u00e1rea, coloc\u00f3 el bal\u00f3n junto al palo izquierdo, reduciendo la diferencia a 2-1.<\/p>\n<h5><strong>La pol\u00e9mica del gol anulado<\/strong><\/h5>\n<p>A los 13 minutos del segundo tiempo, Facundo Rojas tuvo un gol anulado por posici\u00f3n adelantada, lo que gener\u00f3 pol\u00e9mica en el plantel visitante. A pesar de esto, Luj\u00e1n se defendi\u00f3 con solidez, aunque <em>el Monarca<\/em> tuvo oportunidades claras para igualar el marcador. Alejandro Noriega estuvo cerca de anotar, pero un disparo se fue alto y, luego, un cabezazo peg\u00f3 en el travesa\u00f1o.<\/p>\n<p>Sin tiempo para m\u00e1s, el conjunto visitante se qued\u00f3 con la victoria y finaliz\u00f3 octavo en la tabla del Apertura, con 36 puntos.<\/p>\n<p>En el arranque del Clausura, <em>el Lujanero<\/em> visitar\u00e1 a Deportivo Paraguayo, en el estadio de Liniers, donde <em>el Guaran\u00ed<\/em> cumple el rol de local.<\/p>\n","protected":false},"excerpt":{"rendered":"<p>Por la \u00faltima fecha del Apertura, el Lujanero se qued\u00f3 con los tres puntos, en Pilar, al derrotar a Real Pilar por 2 a 1.<\/p>\n","protected":false},"author":4,"featured_media":12871,"comment_status":"closed","ping_status":"closed","sticky":false,"template":"","format":"standard","meta":{"tdm_status":"","tdm_grid_status":"","footnotes":""},"categories":[8],"tags":[173,117,184,245,130,22,246],"class_list":{"0":"post-12866","1":"post","2":"type-post","3":"status-publish","4":"format-standard","5":"has-post-thumbnail","7":"category-futbol","8":"tag-futbol","9":"tag-lujan","10":"tag-lujanero","11":"tag-pilar","12":"tag-primera-c","13":"tag-promocion","14":"tag-real-pilar"},"_links":{"self":[{"href":"https:\/\/diariodelujan.com\/xdeporte\/wp-json\/wp\/v2\/posts\/12866","targetHints":{"allow":["GET"]}}],"collection":[{"href":"https:\/\/diariodelujan.com\/xdeporte\/wp-json\/wp\/v2\/posts"}],"about":[{"href":"https:\/\/diariodelujan.com\/xdeporte\/wp-json\/wp\/v2\/types\/post"}],"author":[{"embeddable":true,"href":"https:\/\/diariodelujan.com\/xdeporte\/wp-json\/wp\/v2\/users\/4"}],"replies":[{"embeddable":true,"href":"https:\/\/diariodelujan.com\/xdeporte\/wp-json\/wp\/v2\/comments?post=12866"}],"version-history":[{"count":0,"href":"https:\/\/diariodelujan.com\/xdeporte\/wp-json\/wp\/v2\/posts\/12866\/revisions"}],"wp:featuredmedia":[{"embeddable":true,"href":"https:\/\/diariodelujan.com\/xdeporte\/wp-json\/wp\/v2\/media\/12871"}],"wp:attachment":[{"href":"https:\/\/diariodelujan.com\/xdeporte\/wp-json\/wp\/v2\/media?parent=12866"}],"wp:term":[{"taxonomy":"category","embeddable":true,"href":"https:\/\/diariodelujan.com\/xdeporte\/wp-json\/wp\/v2\/categories?post=12866"},{"taxonomy":"post_tag","embeddable":true,"href":"https:\/\/diariodelujan.com\/xdeporte\/wp-json\/wp\/v2\/tags?post=12866"}],"curies":[{"name":"wp","href":"https:\/\/api.w.org\/{rel}","templated":true}]}}