{"id":12873,"date":"2024-06-30T00:35:50","date_gmt":"2024-06-30T03:35:50","guid":{"rendered":"https:\/\/www.diariodelujan.com\/?p=12873"},"modified":"2024-06-30T00:35:50","modified_gmt":"2024-06-30T03:35:50","slug":"flandria-no-pudo-con-colegiales","status":"publish","type":"post","link":"https:\/\/diariodelujan.com\/xdeporte\/flandria-no-pudo-con-colegiales\/","title":{"rendered":"Flandria no pudo con Colegiales en Munro"},"content":{"rendered":"<p><span style=\"font-family: georgia, palatino, serif; font-size: 14pt;\"><em>En la fecha 2 del Clausura, Colegiales venci\u00f3 a Flandria por la m\u00ednima diferencia y lo dej\u00f3 con las manos vac\u00edas.<\/em><\/span><\/p>\n<p><!--more--><\/p>\n<p><img loading=\"lazy\" decoding=\"async\" class=\"size-full wp-image-12887 aligncenter\" src=\"https:\/\/diariodelujan.com\/xdeporte\/wp-content\/uploads\/2024\/06\/cole-flandria1-2024.webp\" alt=\"Flandria no pudo con Colegiales en Munro\" width=\"800\" height=\"533\" title=\"\" srcset=\"https:\/\/diariodelujan.com\/xdeporte\/wp-content\/uploads\/2024\/06\/cole-flandria1-2024.webp 800w, https:\/\/diariodelujan.com\/xdeporte\/wp-content\/uploads\/2024\/06\/cole-flandria1-2024-300x200.webp 300w, https:\/\/diariodelujan.com\/xdeporte\/wp-content\/uploads\/2024\/06\/cole-flandria1-2024-768x512.webp 768w, https:\/\/diariodelujan.com\/xdeporte\/wp-content\/uploads\/2024\/06\/cole-flandria1-2024-630x420.webp 630w, https:\/\/diariodelujan.com\/xdeporte\/wp-content\/uploads\/2024\/06\/cole-flandria1-2024-696x464.webp 696w\" sizes=\"auto, (max-width: 800px) 100vw, 800px\" \/><\/p>\n<p>[dropcap]E[\/dropcap]n su segundo compromiso en el torneo Clausura, <a href=\"https:\/\/www.facebook.com\/ClubsydFlandria\" target=\"_blank\" rel=\"noopener\">Flandria<\/a> cay\u00f3 ante Colegiales por 1 a 0 y sum\u00f3 una nueva derrota.<\/p>\n<h5>Gol tempranero que complic\u00f3 a Flandria<\/h5>\n<p>El partido comenz\u00f3 con Colegiales tomando la iniciativa. A los 7 minutos, Nazareno Diosquez abri\u00f3 el marcador, dando la ventaja tempranera al tricolor. Este gol marc\u00f3 el dominio del equipo local, que le gener\u00f3 dificultades al <em>Canario<\/em> a la hora de buscar el empate.<\/p>\n<p>A pesar de algunos intentos en pelota parada, Flandria no logr\u00f3 inquietar al arquero Emilio Di Fulvio. Con el 1-0, los equipos se dirigieron al descanso, dejando claro el dominio t\u00e1ctico del <em>Tricolor<\/em>.<\/p>\n<p>En el complemento, Flandria sali\u00f3 con una actitud m\u00e1s agresiva, adelantando sus l\u00edneas en busca del empate. Este cambio oblig\u00f3 al due\u00f1o de casa a realizar ajustes, con el ingreso de B\u00e1ez por Polizzotto para contrarrestar la ofensiva visitante.<\/p>\n<p>El partido se torn\u00f3 m\u00e1s din\u00e1mico, con ambos equipos buscando oportunidades. Flandria mostr\u00f3 mayor determinaci\u00f3n, pero Colegiales, con un remate de larga distancia, puso a prueba al arquero Federico D\u00edaz, quien evit\u00f3 un posible segundo gol.<\/p>\n<p>A los 17 minutos, una destacada intervenci\u00f3n de D\u00edaz salv\u00f3 a Flandria de un potente disparo de Mat\u00edas Machado, figura del encuentro, que mantuvo la presi\u00f3n constante sobre la defensa del <em>Canario<\/em>.<\/p>\n<p><img loading=\"lazy\" decoding=\"async\" class=\"size-full wp-image-12888 aligncenter\" src=\"https:\/\/diariodelujan.com\/xdeporte\/wp-content\/uploads\/2024\/06\/cole-flandria2-2024.webp\" alt=\"Flandria no pudo con Colegiales en Munro\" width=\"800\" height=\"533\" title=\"\" srcset=\"https:\/\/diariodelujan.com\/xdeporte\/wp-content\/uploads\/2024\/06\/cole-flandria2-2024.webp 800w, https:\/\/diariodelujan.com\/xdeporte\/wp-content\/uploads\/2024\/06\/cole-flandria2-2024-300x200.webp 300w, https:\/\/diariodelujan.com\/xdeporte\/wp-content\/uploads\/2024\/06\/cole-flandria2-2024-768x512.webp 768w, https:\/\/diariodelujan.com\/xdeporte\/wp-content\/uploads\/2024\/06\/cole-flandria2-2024-630x420.webp 630w, https:\/\/diariodelujan.com\/xdeporte\/wp-content\/uploads\/2024\/06\/cole-flandria2-2024-696x464.webp 696w\" sizes=\"auto, (max-width: 800px) 100vw, 800px\" \/><\/p>\n<p>Leonardo Fern\u00e1ndez realiz\u00f3 cambios estrat\u00e9gicos para mantener la frescura del equipo, ingresando a Valent\u00edn Quevedo y Facundo Montiel. Walter D\u00edaz tambi\u00e9n hizo ajustes, introduciendo a Juan Franzoni y m\u00e1s tarde a Mariano Jaureguiberry, buscando revitalizar el ataque del <em>Canario<\/em>.<\/p>\n<p>A pesar de los esfuerzos, Flandria no logr\u00f3 generar peligro significativo, y una llegada a los 33 minutos fue neutralizada por Di Fulvio.<\/p>\n<p>El partido fue perdiendo intensidad hacia el final y <em>Cole<\/em> se enfoc\u00f3 en defender el 1 a 0 que le vali\u00f3 su segundo triunfo en el certamen.<\/p>\n<p>Los de J\u00e1uregui, en cambio, deber\u00e1n replantear su estrategia para las pr\u00f3ximas fechas, cuando enfrenten a UAI Urquiza en el Carlos V.<\/p>\n","protected":false},"excerpt":{"rendered":"<p>En la fecha 2 del Clausura, Colegiales venci\u00f3 a Flandria por la m\u00ednima diferencia y lo dej\u00f3 con las manos vac\u00edas.<\/p>\n","protected":false},"author":4,"featured_media":12887,"comment_status":"closed","ping_status":"closed","sticky":false,"template":"","format":"standard","meta":{"tdm_status":"","tdm_grid_status":"","footnotes":""},"categories":[8],"tags":[171,190,172,173,198,22],"class_list":{"0":"post-12873","1":"post","2":"type-post","3":"status-publish","4":"format-standard","5":"has-post-thumbnail","7":"category-futbol","8":"tag-canario","9":"tag-colegiales","10":"tag-flandria","11":"tag-futbol","12":"tag-primera-b","13":"tag-promocion"},"_links":{"self":[{"href":"https:\/\/diariodelujan.com\/xdeporte\/wp-json\/wp\/v2\/posts\/12873","targetHints":{"allow":["GET"]}}],"collection":[{"href":"https:\/\/diariodelujan.com\/xdeporte\/wp-json\/wp\/v2\/posts"}],"about":[{"href":"https:\/\/diariodelujan.com\/xdeporte\/wp-json\/wp\/v2\/types\/post"}],"author":[{"embeddable":true,"href":"https:\/\/diariodelujan.com\/xdeporte\/wp-json\/wp\/v2\/users\/4"}],"replies":[{"embeddable":true,"href":"https:\/\/diariodelujan.com\/xdeporte\/wp-json\/wp\/v2\/comments?post=12873"}],"version-history":[{"count":0,"href":"https:\/\/diariodelujan.com\/xdeporte\/wp-json\/wp\/v2\/posts\/12873\/revisions"}],"wp:featuredmedia":[{"embeddable":true,"href":"https:\/\/diariodelujan.com\/xdeporte\/wp-json\/wp\/v2\/media\/12887"}],"wp:attachment":[{"href":"https:\/\/diariodelujan.com\/xdeporte\/wp-json\/wp\/v2\/media?parent=12873"}],"wp:term":[{"taxonomy":"category","embeddable":true,"href":"https:\/\/diariodelujan.com\/xdeporte\/wp-json\/wp\/v2\/categories?post=12873"},{"taxonomy":"post_tag","embeddable":true,"href":"https:\/\/diariodelujan.com\/xdeporte\/wp-json\/wp\/v2\/tags?post=12873"}],"curies":[{"name":"wp","href":"https:\/\/api.w.org\/{rel}","templated":true}]}}