{"id":13214,"date":"2024-07-06T19:33:26","date_gmt":"2024-07-06T22:33:26","guid":{"rendered":"https:\/\/www.diariodelujan.com\/?p=13214"},"modified":"2024-07-06T19:33:26","modified_gmt":"2024-07-06T22:33:26","slug":"el-canario-volvio-a-perder","status":"publish","type":"post","link":"https:\/\/diariodelujan.com\/xdeporte\/el-canario-volvio-a-perder\/","title":{"rendered":"El Canario volvi\u00f3 a perder ante UAI Urquiza"},"content":{"rendered":"<p><span style=\"font-family: georgia, palatino, serif; font-size: 14pt;\"><em>Por la fecha 3 del Clausura, el Canario se qued\u00f3 una vez m\u00e1s con las manos vac\u00edas y sum\u00f3 as\u00ed su tercera derrota al hilo.<\/em><\/span><\/p>\n<p><!--more--><\/p>\n<p><img loading=\"lazy\" decoding=\"async\" class=\"size-full wp-image-13219 aligncenter\" src=\"https:\/\/diariodelujan.com\/xdeporte\/wp-content\/uploads\/2024\/07\/flandria-uai-2024.webp\" alt=\"El Canario volvi\u00f3 a perder ante UAI Urquiza\" width=\"800\" height=\"620\" title=\"\" srcset=\"https:\/\/diariodelujan.com\/xdeporte\/wp-content\/uploads\/2024\/07\/flandria-uai-2024.webp 800w, https:\/\/diariodelujan.com\/xdeporte\/wp-content\/uploads\/2024\/07\/flandria-uai-2024-300x233.webp 300w, https:\/\/diariodelujan.com\/xdeporte\/wp-content\/uploads\/2024\/07\/flandria-uai-2024-768x595.webp 768w, https:\/\/diariodelujan.com\/xdeporte\/wp-content\/uploads\/2024\/07\/flandria-uai-2024-542x420.webp 542w, https:\/\/diariodelujan.com\/xdeporte\/wp-content\/uploads\/2024\/07\/flandria-uai-2024-696x539.webp 696w\" sizes=\"auto, (max-width: 800px) 100vw, 800px\" \/><\/p>\n<p>[dropcap]E[\/dropcap]n el marco de la fecha 3, <em><a href=\"https:\/\/www.facebook.com\/ClubsydFlandria\" target=\"_blank\" rel=\"noopener\">el Canario<\/a><\/em> sufri\u00f3 una derrota ante UAI Urquiza por 2 a 1, en el Carlos V. Con este, lleva tres partidos consecutivos sin sumar puntos.<\/p>\n<h5><strong><em>El Canario<\/em> no pudo con <em>el Furgonero<\/em><\/strong><\/h5>\n<p>Desde el inicio del primer tiempo, Flandria mostr\u00f3 intenci\u00f3n desde el inicio con un remate de Cristian Cuenca que fue bien respondido por el arquero visitante, Arcuri. A los 21 minutos, <em>el Canario<\/em> encontr\u00f3 recompensa: un tiro de esquina desde la izquierda fue conectado de cabeza por Juan Manuel Cabrera, quien puso el 1-0.<\/p>\n<p>Sin embargo, <em>el Furgonero<\/em> empez\u00f3 a encontrar espacios y a los 41 minutos logr\u00f3 el empate. Mauricio Aguirre culmin\u00f3 una jugada colectiva con un gol que puso el 1-1 en el marcador.<\/p>\n<p>En la segunda mitad, Flandria busc\u00f3 controlar el mediocampo y jugar en al \u00e1rea rival, pero Urquiza aprovech\u00f3 una contra letal. Mauricio Aguirre, tras una larga corrida, defini\u00f3 con precisi\u00f3n ante la salida de Federico D\u00edaz, poniendo a su equipo 2-1 arriba.<\/p>\n<p>Desesperado por revertir el marcador, Walter D\u00edaz realiz\u00f3 varios cambios: Paulo Oballes ingres\u00f3 por Alan Maimo, Mariano Sagristiani por Esteban Ciaccheri y Mauro Bellone por Franco Bustamante. A pesar de los intentos, el juego de Flandria no logr\u00f3 fluir y el empate no lleg\u00f3.<\/p>\n","protected":false},"excerpt":{"rendered":"<p>Por la fecha 3 del Clausura, el Canario se qued\u00f3 una vez m\u00e1s con las manos vac\u00edas y sum\u00f3 as\u00ed su tercera derrota al hilo.<\/p>\n","protected":false},"author":4,"featured_media":13219,"comment_status":"closed","ping_status":"closed","sticky":false,"template":"","format":"standard","meta":{"tdm_status":"","tdm_grid_status":"","footnotes":""},"categories":[8],"tags":[171,172,173,198,22,192],"class_list":{"0":"post-13214","1":"post","2":"type-post","3":"status-publish","4":"format-standard","5":"has-post-thumbnail","7":"category-futbol","8":"tag-canario","9":"tag-flandria","10":"tag-futbol","11":"tag-primera-b","12":"tag-promocion","13":"tag-uai-urquiza"},"_links":{"self":[{"href":"https:\/\/diariodelujan.com\/xdeporte\/wp-json\/wp\/v2\/posts\/13214","targetHints":{"allow":["GET"]}}],"collection":[{"href":"https:\/\/diariodelujan.com\/xdeporte\/wp-json\/wp\/v2\/posts"}],"about":[{"href":"https:\/\/diariodelujan.com\/xdeporte\/wp-json\/wp\/v2\/types\/post"}],"author":[{"embeddable":true,"href":"https:\/\/diariodelujan.com\/xdeporte\/wp-json\/wp\/v2\/users\/4"}],"replies":[{"embeddable":true,"href":"https:\/\/diariodelujan.com\/xdeporte\/wp-json\/wp\/v2\/comments?post=13214"}],"version-history":[{"count":0,"href":"https:\/\/diariodelujan.com\/xdeporte\/wp-json\/wp\/v2\/posts\/13214\/revisions"}],"wp:featuredmedia":[{"embeddable":true,"href":"https:\/\/diariodelujan.com\/xdeporte\/wp-json\/wp\/v2\/media\/13219"}],"wp:attachment":[{"href":"https:\/\/diariodelujan.com\/xdeporte\/wp-json\/wp\/v2\/media?parent=13214"}],"wp:term":[{"taxonomy":"category","embeddable":true,"href":"https:\/\/diariodelujan.com\/xdeporte\/wp-json\/wp\/v2\/categories?post=13214"},{"taxonomy":"post_tag","embeddable":true,"href":"https:\/\/diariodelujan.com\/xdeporte\/wp-json\/wp\/v2\/tags?post=13214"}],"curies":[{"name":"wp","href":"https:\/\/api.w.org\/{rel}","templated":true}]}}