{"id":13221,"date":"2024-07-07T18:16:03","date_gmt":"2024-07-07T21:16:03","guid":{"rendered":"https:\/\/www.diariodelujan.com\/?p=13221"},"modified":"2024-07-07T18:16:03","modified_gmt":"2024-07-07T21:16:03","slug":"el-lujanero-arranca-el-clausura","status":"publish","type":"post","link":"https:\/\/diariodelujan.com\/xdeporte\/el-lujanero-arranca-el-clausura\/","title":{"rendered":"El Lujanero arranca el Clausura visitando a Paraguayo"},"content":{"rendered":"<p><span style=\"font-family: georgia, palatino, serif; font-size: 14pt;\"><em>Este lunes, el Lujanero visitar\u00e1 el estadio de Lugano para enfrentar a Deportivo Paraguayo, por la primera fecha del torneo Clausura.<\/em><\/span><\/p>\n<p><!--more--><\/p>\n<p><img loading=\"lazy\" decoding=\"async\" class=\"size-full wp-image-13243 aligncenter\" src=\"https:\/\/diariodelujan.com\/xdeporte\/wp-content\/uploads\/2024\/07\/previa-depor-paraguayo-lujan-2024.webp\" alt=\"El Lujanero arranca el Clausura visitando a Paraguayo\" width=\"800\" height=\"578\" title=\"\" srcset=\"https:\/\/diariodelujan.com\/xdeporte\/wp-content\/uploads\/2024\/07\/previa-depor-paraguayo-lujan-2024.webp 800w, https:\/\/diariodelujan.com\/xdeporte\/wp-content\/uploads\/2024\/07\/previa-depor-paraguayo-lujan-2024-300x217.webp 300w, https:\/\/diariodelujan.com\/xdeporte\/wp-content\/uploads\/2024\/07\/previa-depor-paraguayo-lujan-2024-768x555.webp 768w, https:\/\/diariodelujan.com\/xdeporte\/wp-content\/uploads\/2024\/07\/previa-depor-paraguayo-lujan-2024-581x420.webp 581w, https:\/\/diariodelujan.com\/xdeporte\/wp-content\/uploads\/2024\/07\/previa-depor-paraguayo-lujan-2024-696x503.webp 696w\" sizes=\"auto, (max-width: 800px) 100vw, 800px\" \/><\/p>\n<p>[dropcap]E[\/dropcap]ste lunes, a partir de las 15, Deportivo Paraguayo se enfrentar\u00e1 al <a href=\"https:\/\/www.facebook.com\/www.clublujan.com.ar\" target=\"_blank\" rel=\"noopener\"><em>Lujanero<\/em><\/a> en el arranque del Clausura de la Primera C.<\/p>\n<p>Deportivo Paraguayo tuvo un paup\u00e9rrimo rendimiento en la primera mitad del a\u00f1o, que lo posicion\u00f3 antepen\u00faltimo en la tabla, con 20 puntos (5 ganados, 5 empatados y 14 perdidos). En este encuentro, en el que jugar\u00e1 como local, buscar\u00e1 arrancar el Clausura con el pie derecho.<\/p>\n<h4>Como llega <em>el Lujanero<\/em><\/h4>\n<p>Luj\u00e1n, por su lado, llega tras una valiosa victoria en su \u00faltimo encuentro contra Real Pilar para terminar el anterior torneo con la moral en alto. El equipo de nuestra ciudad cosech\u00f3 36 puntos (con 10 ganados, 6 empatados y 8 perdidos) y qued\u00f3 ubicado noveno. En este nuevo certamen, buscar\u00e1 debutar con un triunfo que lo ponga en lo m\u00e1s alto de la tabla.<\/p>\n<p>&nbsp;<\/p>\n","protected":false},"excerpt":{"rendered":"<p>Este lunes, el Lujanero visitar\u00e1 el estadio de Lugano para enfrentar a Deportivo Paraguayo, por la primera fecha del torneo Clausura.<\/p>\n","protected":false},"author":4,"featured_media":13243,"comment_status":"closed","ping_status":"closed","sticky":false,"template":"","format":"standard","meta":{"tdm_status":"","tdm_grid_status":"","footnotes":""},"categories":[8],"tags":[249,173,117,184,130],"class_list":{"0":"post-13221","1":"post","2":"type-post","3":"status-publish","4":"format-standard","5":"has-post-thumbnail","7":"category-futbol","8":"tag-deportivo-paraguayo","9":"tag-futbol","10":"tag-lujan","11":"tag-lujanero","12":"tag-primera-c"},"_links":{"self":[{"href":"https:\/\/diariodelujan.com\/xdeporte\/wp-json\/wp\/v2\/posts\/13221","targetHints":{"allow":["GET"]}}],"collection":[{"href":"https:\/\/diariodelujan.com\/xdeporte\/wp-json\/wp\/v2\/posts"}],"about":[{"href":"https:\/\/diariodelujan.com\/xdeporte\/wp-json\/wp\/v2\/types\/post"}],"author":[{"embeddable":true,"href":"https:\/\/diariodelujan.com\/xdeporte\/wp-json\/wp\/v2\/users\/4"}],"replies":[{"embeddable":true,"href":"https:\/\/diariodelujan.com\/xdeporte\/wp-json\/wp\/v2\/comments?post=13221"}],"version-history":[{"count":0,"href":"https:\/\/diariodelujan.com\/xdeporte\/wp-json\/wp\/v2\/posts\/13221\/revisions"}],"wp:featuredmedia":[{"embeddable":true,"href":"https:\/\/diariodelujan.com\/xdeporte\/wp-json\/wp\/v2\/media\/13243"}],"wp:attachment":[{"href":"https:\/\/diariodelujan.com\/xdeporte\/wp-json\/wp\/v2\/media?parent=13221"}],"wp:term":[{"taxonomy":"category","embeddable":true,"href":"https:\/\/diariodelujan.com\/xdeporte\/wp-json\/wp\/v2\/categories?post=13221"},{"taxonomy":"post_tag","embeddable":true,"href":"https:\/\/diariodelujan.com\/xdeporte\/wp-json\/wp\/v2\/tags?post=13221"}],"curies":[{"name":"wp","href":"https:\/\/api.w.org\/{rel}","templated":true}]}}