{"id":13279,"date":"2024-07-08T19:37:53","date_gmt":"2024-07-08T22:37:53","guid":{"rendered":"https:\/\/www.diariodelujan.com\/?p=13279"},"modified":"2024-07-08T19:37:53","modified_gmt":"2024-07-08T22:37:53","slug":"lujan-le-gano-a-paraguayo","status":"publish","type":"post","link":"https:\/\/diariodelujan.com\/xdeporte\/lujan-le-gano-a-paraguayo\/","title":{"rendered":"Con uno menos, Luj\u00e1n le gan\u00f3 a Paraguayo"},"content":{"rendered":"<p><span style=\"font-family: georgia, palatino, serif; font-size: 14pt;\"><em>En el arranque del Clausura de la Primera C, Luj\u00e1n le gan\u00f3 a Deportivo Paraguayo por 2 a 0. En el equipo del Piri Garate, se vio expulsado Enzo Guzm\u00e1n.<\/em><\/span><\/p>\n<p><!--more--><\/p>\n<p><img loading=\"lazy\" decoding=\"async\" class=\"alignnone size-full wp-image-13290\" src=\"https:\/\/diariodelujan.com\/xdeporte\/wp-content\/uploads\/2024\/07\/depor-paraguayo-lujan-2024.webp\" alt=\"Con uno menos, Luj\u00e1n le gan\u00f3 a Paraguayo\" width=\"800\" height=\"578\" title=\"\" srcset=\"https:\/\/diariodelujan.com\/xdeporte\/wp-content\/uploads\/2024\/07\/depor-paraguayo-lujan-2024.webp 800w, https:\/\/diariodelujan.com\/xdeporte\/wp-content\/uploads\/2024\/07\/depor-paraguayo-lujan-2024-300x217.webp 300w, https:\/\/diariodelujan.com\/xdeporte\/wp-content\/uploads\/2024\/07\/depor-paraguayo-lujan-2024-768x555.webp 768w, https:\/\/diariodelujan.com\/xdeporte\/wp-content\/uploads\/2024\/07\/depor-paraguayo-lujan-2024-581x420.webp 581w, https:\/\/diariodelujan.com\/xdeporte\/wp-content\/uploads\/2024\/07\/depor-paraguayo-lujan-2024-696x503.webp 696w\" sizes=\"auto, (max-width: 800px) 100vw, 800px\" \/><\/p>\n<p>[dropcap]T[\/dropcap]ras cerrar el Apertura con un triunfo ante Real Pilar, <a href=\"https:\/\/www.facebook.com\/www.clublujan.com.ar\" target=\"_blank\" rel=\"noopener\">Luj\u00e1n<\/a> visit\u00f3 este lunes la cancha de Lugano para enfrentar a Deportivo Paraguayo, por la primera fecha del Clausura.<\/p>\n<h4>Penal para Luj\u00e1n en el primer tiempo<\/h4>\n<p>El partido comenz\u00f3 con Deportivo Paraguayo generando la primera ocasi\u00f3n de peligro. Scarel remat\u00f3 al arco de Vali\u00f1as y fue rechazado por el arquero del <em>Lujanero<\/em>, y en el rebote, D\u00edaz le dio al palo y se desv\u00edo afuera.<\/p>\n<p>A los 30 minutos, el equipo de la Bas\u00edlica encontr\u00f3 su oportunidad. Tras un centro al \u00e1rea, Valent\u00edn Ciancio sufri\u00f3 una infracci\u00f3n por Rodr\u00edguez, y el \u00e1rbitro Porticcella sancion\u00f3 penal para la visita. Cristian Chimino se encarg\u00f3 de canjear el penal por gol, poniendo el 1-0 para Luj\u00e1n.<\/p>\n<p>Con ventaja en el marcador, el equipo de la banda se ocup\u00f3 de cuidar el resultado hasta el descanso.<\/p>\n<h4>Expulsi\u00f3n y segundo gol del <em>Lujanero<\/em> en la segunda parte<\/h4>\n<p>En el complemento, el conjunto de nuestra ciudad cambi\u00f3 a un modo de juego defensivo, d\u00e1ndole el protagonismo al local y apostando por los contragolpes. El conjunto guaran\u00ed no logr\u00f3 generar peligro en el arco de Nahuel Vali\u00f1as.<\/p>\n<p>A pocos minutos del final, Enzo Guzm\u00e1n, de Luj\u00e1n, fue expulsado, lo que dio un impulso a Deportivo Paraguayo. Sin embargo, el equipo local no logr\u00f3 capitalizar la ventaja num\u00e9rica y sigui\u00f3 sin ideas claras para romper la defensa visitante.<\/p>\n<p>Ya en tiempo adicionado, <em>el Lujanero<\/em> cerr\u00f3 el partido con una jugada destacada de Rodrigo Ledesma, quien asisti\u00f3 con un centro atr\u00e1s para que Facundo Rojas marque el 2-0 definitivo.<\/p>\n","protected":false},"excerpt":{"rendered":"<p>En el arranque del Clausura de la Primera C, Luj\u00e1n le gan\u00f3 a Deportivo Paraguayo por 2 a 0. En el equipo del Piri Garate, se vio expulsado Enzo Guzm\u00e1n.<\/p>\n","protected":false},"author":4,"featured_media":13290,"comment_status":"closed","ping_status":"closed","sticky":false,"template":"","format":"standard","meta":{"tdm_status":"","tdm_grid_status":"","footnotes":""},"categories":[8],"tags":[249,173,117,184,130,22],"class_list":{"0":"post-13279","1":"post","2":"type-post","3":"status-publish","4":"format-standard","5":"has-post-thumbnail","7":"category-futbol","8":"tag-deportivo-paraguayo","9":"tag-futbol","10":"tag-lujan","11":"tag-lujanero","12":"tag-primera-c","13":"tag-promocion"},"_links":{"self":[{"href":"https:\/\/diariodelujan.com\/xdeporte\/wp-json\/wp\/v2\/posts\/13279","targetHints":{"allow":["GET"]}}],"collection":[{"href":"https:\/\/diariodelujan.com\/xdeporte\/wp-json\/wp\/v2\/posts"}],"about":[{"href":"https:\/\/diariodelujan.com\/xdeporte\/wp-json\/wp\/v2\/types\/post"}],"author":[{"embeddable":true,"href":"https:\/\/diariodelujan.com\/xdeporte\/wp-json\/wp\/v2\/users\/4"}],"replies":[{"embeddable":true,"href":"https:\/\/diariodelujan.com\/xdeporte\/wp-json\/wp\/v2\/comments?post=13279"}],"version-history":[{"count":0,"href":"https:\/\/diariodelujan.com\/xdeporte\/wp-json\/wp\/v2\/posts\/13279\/revisions"}],"wp:featuredmedia":[{"embeddable":true,"href":"https:\/\/diariodelujan.com\/xdeporte\/wp-json\/wp\/v2\/media\/13290"}],"wp:attachment":[{"href":"https:\/\/diariodelujan.com\/xdeporte\/wp-json\/wp\/v2\/media?parent=13279"}],"wp:term":[{"taxonomy":"category","embeddable":true,"href":"https:\/\/diariodelujan.com\/xdeporte\/wp-json\/wp\/v2\/categories?post=13279"},{"taxonomy":"post_tag","embeddable":true,"href":"https:\/\/diariodelujan.com\/xdeporte\/wp-json\/wp\/v2\/tags?post=13279"}],"curies":[{"name":"wp","href":"https:\/\/api.w.org\/{rel}","templated":true}]}}