{"id":13459,"date":"2024-07-12T12:03:24","date_gmt":"2024-07-12T15:03:24","guid":{"rendered":"https:\/\/www.diariodelujan.com\/?p=13459"},"modified":"2024-07-12T12:03:24","modified_gmt":"2024-07-12T15:03:24","slug":"interpistas-toyota-en-el-fiorano-vianini","status":"publish","type":"post","link":"https:\/\/diariodelujan.com\/xdeporte\/interpistas-toyota-en-el-fiorano-vianini\/","title":{"rendered":"Dardo Mica gan\u00f3 en el Interpistas Toyota de Pilar"},"content":{"rendered":"<p><span style=\"font-family: georgia, palatino, serif; font-size: 14pt;\"><em>La noche pilarense de la pista Fiorano\/Vianini dej\u00f3 a Dardo Mica y Alejandro Pav\u00e1n en el podio del Interpistas Toyota con un intenso mano a mano acompa\u00f1ados por Edgardo N\u00fa\u00f1ez.<\/em><\/span><!--more--><\/p>\n<p>[dropcap]E[\/dropcap]n una noche g\u00e9lida que se fue entibiando con la pasi\u00f3n de los peque\u00f1os minibolidos de la categor\u00eda Interpistas Toyota, se disput\u00f3 en la Pista Fiorano\/Vianini una interesante carrera con una apasionante definici\u00f3n entre los pilotos locales Dardo Mica (130.74) y Alejandro Pav\u00e1n con un registro final de 130.45 con una exigua diferencia entre ambos, fruto de la paridad de la mec\u00e1nica y una avasallante muestra del mejor de los manejos.<br \/>\nCompletando el podio, arrib\u00f3 en tercer lugar el de Tigre Edgardo N\u00fa\u00f1ez con 125.18 con una aplaudida puesta a punto en pocas vueltas de prueba y entrenamiento.<\/p>\n<p>Fue 4to el Misil de Campana, Ricardo Perea, un enamorado de la preparaci\u00f3n y ajuste de cada elemento de su automodelo con la suma de 124.16 giros.<\/p>\n<p>Un valioso 5to puesto le esper\u00f3 al final de la carrera a Pablo Ponce de Le\u00f3n, que cada d\u00eda conduce mejor, siempre que el auto acompa\u00f1e (119.32).<\/p>\n<p>El sexto puesto fue para Juan Carlos Pecenko (116.55) retornando a la pista luego de breves intervalos por ocupaciones personales.<\/p>\n<p><a href=\"https:\/\/diariodelujan.com\/xdeporte\/wp-content\/uploads\/2024\/07\/Interpistas-Fiorano-Vianini.webp\"><img loading=\"lazy\" decoding=\"async\" class=\"alignnone size-full wp-image-13462\" src=\"https:\/\/diariodelujan.com\/xdeporte\/wp-content\/uploads\/2024\/07\/Interpistas-Fiorano-Vianini.webp\" alt=\"interpistas toyota\" width=\"826\" height=\"545\" title=\"\" srcset=\"https:\/\/diariodelujan.com\/xdeporte\/wp-content\/uploads\/2024\/07\/Interpistas-Fiorano-Vianini.webp 826w, https:\/\/diariodelujan.com\/xdeporte\/wp-content\/uploads\/2024\/07\/Interpistas-Fiorano-Vianini-300x198.webp 300w, https:\/\/diariodelujan.com\/xdeporte\/wp-content\/uploads\/2024\/07\/Interpistas-Fiorano-Vianini-768x507.webp 768w, https:\/\/diariodelujan.com\/xdeporte\/wp-content\/uploads\/2024\/07\/Interpistas-Fiorano-Vianini-637x420.webp 637w, https:\/\/diariodelujan.com\/xdeporte\/wp-content\/uploads\/2024\/07\/Interpistas-Fiorano-Vianini-696x459.webp 696w\" sizes=\"auto, (max-width: 826px) 100vw, 826px\" \/><\/a><\/p>\n<p>La en\u00e9rgica vista y fiscalizaci\u00f3n del Comisario Deportivo Jorge Cappelletti, permiti\u00f3 disfrutar de un buen espect\u00e1culo deportivo como el que &#8211; desde hace a\u00f1os &#8211; nos tiene acostumbrado el automodelismo slot en la Italiana.<\/p>\n<p>Nota Ricardo Vega<br \/>\nServicio de prensa<\/p>\n","protected":false},"excerpt":{"rendered":"<p>La noche pilarense de la pista Fiorano\/Vianini dej\u00f3 a Dardo Mica y Alejandro Pav\u00e1n en el podio del Interpistas Toyota con un intenso mano a mano acompa\u00f1ados por Edgardo N\u00fa\u00f1ez.<\/p>\n","protected":false},"author":4,"featured_media":13463,"comment_status":"closed","ping_status":"closed","sticky":false,"template":"","format":"standard","meta":{"tdm_status":"","tdm_grid_status":"","footnotes":""},"categories":[20],"tags":[19,279,280,245],"class_list":{"0":"post-13459","1":"post","2":"type-post","3":"status-publish","4":"format-standard","5":"has-post-thumbnail","7":"category-automodelismo","8":"tag-automodelismo","9":"tag-fiorano-vianini","10":"tag-interpistas-toyota","11":"tag-pilar"},"_links":{"self":[{"href":"https:\/\/diariodelujan.com\/xdeporte\/wp-json\/wp\/v2\/posts\/13459","targetHints":{"allow":["GET"]}}],"collection":[{"href":"https:\/\/diariodelujan.com\/xdeporte\/wp-json\/wp\/v2\/posts"}],"about":[{"href":"https:\/\/diariodelujan.com\/xdeporte\/wp-json\/wp\/v2\/types\/post"}],"author":[{"embeddable":true,"href":"https:\/\/diariodelujan.com\/xdeporte\/wp-json\/wp\/v2\/users\/4"}],"replies":[{"embeddable":true,"href":"https:\/\/diariodelujan.com\/xdeporte\/wp-json\/wp\/v2\/comments?post=13459"}],"version-history":[{"count":0,"href":"https:\/\/diariodelujan.com\/xdeporte\/wp-json\/wp\/v2\/posts\/13459\/revisions"}],"wp:featuredmedia":[{"embeddable":true,"href":"https:\/\/diariodelujan.com\/xdeporte\/wp-json\/wp\/v2\/media\/13463"}],"wp:attachment":[{"href":"https:\/\/diariodelujan.com\/xdeporte\/wp-json\/wp\/v2\/media?parent=13459"}],"wp:term":[{"taxonomy":"category","embeddable":true,"href":"https:\/\/diariodelujan.com\/xdeporte\/wp-json\/wp\/v2\/categories?post=13459"},{"taxonomy":"post_tag","embeddable":true,"href":"https:\/\/diariodelujan.com\/xdeporte\/wp-json\/wp\/v2\/tags?post=13459"}],"curies":[{"name":"wp","href":"https:\/\/api.w.org\/{rel}","templated":true}]}}