{"id":13528,"date":"2024-07-13T02:53:01","date_gmt":"2024-07-13T05:53:01","guid":{"rendered":"https:\/\/www.diariodelujan.com\/?p=13528"},"modified":"2024-07-13T02:53:01","modified_gmt":"2024-07-13T05:53:01","slug":"el-lujanero-recibira-a-jj","status":"publish","type":"post","link":"https:\/\/diariodelujan.com\/xdeporte\/el-lujanero-recibira-a-jj\/","title":{"rendered":"El Lujanero recibir\u00e1 a JJ Urquiza en el 1\u00b0 de Abril"},"content":{"rendered":"<p><span style=\"font-family: georgia, palatino, serif; font-size: 14pt;\"><em>Este s\u00e1bado, el Lujanero recibir\u00e1 a JJ en el estadio 1\u00b0 de Abril, en el encuentro correspondiente a la segunda fecha del torneo Clausura.<\/em><\/span><\/p>\n<p><!--more--><\/p>\n<p><img loading=\"lazy\" decoding=\"async\" class=\"wp-image-13531 aligncenter\" src=\"https:\/\/diariodelujan.com\/xdeporte\/wp-content\/uploads\/2024\/07\/previa-lujan-jj-urquiza.webp\" alt=\"El Lujanero recibir\u00e1 a JJ Urquiza en el 1\u00b0 de Abril\" width=\"600\" height=\"434\" title=\"\" srcset=\"https:\/\/diariodelujan.com\/xdeporte\/wp-content\/uploads\/2024\/07\/previa-lujan-jj-urquiza.webp 800w, https:\/\/diariodelujan.com\/xdeporte\/wp-content\/uploads\/2024\/07\/previa-lujan-jj-urquiza-300x217.webp 300w, https:\/\/diariodelujan.com\/xdeporte\/wp-content\/uploads\/2024\/07\/previa-lujan-jj-urquiza-768x555.webp 768w, https:\/\/diariodelujan.com\/xdeporte\/wp-content\/uploads\/2024\/07\/previa-lujan-jj-urquiza-581x420.webp 581w, https:\/\/diariodelujan.com\/xdeporte\/wp-content\/uploads\/2024\/07\/previa-lujan-jj-urquiza-696x503.webp 696w\" sizes=\"auto, (max-width: 600px) 100vw, 600px\" \/><\/p>\n<p>[dropcap]L[\/dropcap]os dirigidos por Gerardo Garate, buscar\u00e1n extender la buena racha luego del triunfo obtenido ante Deportivo Paraguayo por 2 a 0. Este s\u00e1bado, a partir de las 15 horas, ser\u00e1n anfitriones ante JJ Urquiza, en el predio de San Emilio. El \u00e1rbitro ser\u00e1 Gabriel Flores, quien tendr\u00e1 la responsabilidad de llevar adelante este partido<\/p>\n<h4><strong><em>El Lujanero<\/em> busca otra victoria<\/strong><\/h4>\n<p>El t\u00e9cnico del <a href=\"https:\/\/www.facebook.com\/www.clublujan.com.ar\" target=\"_blank\" rel=\"noopener\"><em>Lujanero<\/em><\/a> no podr\u00e1 contar con Enzo Guzm\u00e1n, qui\u00e9n vio la roja en los \u00faltimos minutos del \u00faltimo encuentro. Sin embargo, si ser\u00eda titular nuevamente Cristian Godoy, quien ya cumpli\u00f3 una fecha de suspensi\u00f3n por 5 amarillas acumuladas.<\/p>\n<h4><strong>JJ Urquiza busca seguir sumando<\/strong><\/h4>\n<p>Por su parte, JJ ha tenido un buen desempe\u00f1o en el Apertura (finaliz\u00f3 5\u00b0 con 40 puntos) y llega a este partido tras una humilde victoria ante Sportivo Barracas por 1 a 0, en la primera fecha. El conjunto visitante arranc\u00f3 el torneo con el pie derecho y buscar\u00e1 amargarle la tarde a Luj\u00e1n para continuar con esa racha positiva.<\/p>\n","protected":false},"excerpt":{"rendered":"<p>Este s\u00e1bado, el Lujanero recibir\u00e1 a JJ en el estadio 1\u00b0 de Abril, en el encuentro correspondiente a la segunda fecha del torneo Clausura.<\/p>\n","protected":false},"author":4,"featured_media":13531,"comment_status":"closed","ping_status":"closed","sticky":false,"template":"","format":"standard","meta":{"tdm_status":"","tdm_grid_status":"","footnotes":""},"categories":[8],"tags":[191,117,184,130],"class_list":{"0":"post-13528","1":"post","2":"type-post","3":"status-publish","4":"format-standard","5":"has-post-thumbnail","7":"category-futbol","8":"tag-jj-urquiza","9":"tag-lujan","10":"tag-lujanero","11":"tag-primera-c"},"_links":{"self":[{"href":"https:\/\/diariodelujan.com\/xdeporte\/wp-json\/wp\/v2\/posts\/13528","targetHints":{"allow":["GET"]}}],"collection":[{"href":"https:\/\/diariodelujan.com\/xdeporte\/wp-json\/wp\/v2\/posts"}],"about":[{"href":"https:\/\/diariodelujan.com\/xdeporte\/wp-json\/wp\/v2\/types\/post"}],"author":[{"embeddable":true,"href":"https:\/\/diariodelujan.com\/xdeporte\/wp-json\/wp\/v2\/users\/4"}],"replies":[{"embeddable":true,"href":"https:\/\/diariodelujan.com\/xdeporte\/wp-json\/wp\/v2\/comments?post=13528"}],"version-history":[{"count":0,"href":"https:\/\/diariodelujan.com\/xdeporte\/wp-json\/wp\/v2\/posts\/13528\/revisions"}],"wp:featuredmedia":[{"embeddable":true,"href":"https:\/\/diariodelujan.com\/xdeporte\/wp-json\/wp\/v2\/media\/13531"}],"wp:attachment":[{"href":"https:\/\/diariodelujan.com\/xdeporte\/wp-json\/wp\/v2\/media?parent=13528"}],"wp:term":[{"taxonomy":"category","embeddable":true,"href":"https:\/\/diariodelujan.com\/xdeporte\/wp-json\/wp\/v2\/categories?post=13528"},{"taxonomy":"post_tag","embeddable":true,"href":"https:\/\/diariodelujan.com\/xdeporte\/wp-json\/wp\/v2\/tags?post=13528"}],"curies":[{"name":"wp","href":"https:\/\/api.w.org\/{rel}","templated":true}]}}