{"id":13764,"date":"2024-07-18T11:37:09","date_gmt":"2024-07-18T14:37:09","guid":{"rendered":"https:\/\/www.diariodelujan.com\/?p=13764"},"modified":"2024-07-18T11:37:09","modified_gmt":"2024-07-18T14:37:09","slug":"perea-se-impuso-en-sport","status":"publish","type":"post","link":"https:\/\/diariodelujan.com\/xdeporte\/perea-se-impuso-en-sport\/","title":{"rendered":"Ricardo Perea se impuso en Sport 1\/24 de la Italiana"},"content":{"rendered":"<p><span style=\"font-family: georgia, palatino, serif; font-size: 14pt;\"><em>En la coqueta pista del Fiorano\/Vianini de esta ciudad se disput\u00f3 una nueva competencia de los Sport 1\/24 con luces, categor\u00eda \u00fanica en buena parte del conurbano bonaerense.<\/em><\/span><!--more--><\/p>\n<p>[dropcap]E[\/dropcap]l experimentado piloto preparador local, Dardo Mica rompi\u00f3 los cronos con un tiempo de 3.628 como su mejor vuelta en la clasificaci\u00f3n previa.<\/p>\n<p>Fue 2do Ricardo Perea<strong> &#8220;el misil de Campana&#8221;<\/strong> que realiz\u00f3 una impresionante vuelta de 3.836 compartiendo el mismo registro con Luis Rubin, el de Cardales con 3.836 confirmando que, los del podio clasificatorio, estaban para disputar la final en inmejorables condiciones de mec\u00e1nica, puesta a punto y buena mu\u00f1eca.<\/p>\n<p>Jorge Cappelletti, como siempre con autoridad y correcci\u00f3n fue el Comisario Deportivo de impecable desempe\u00f1o.<\/p>\n<p>Ordenadas las m\u00e1quinas para la final del Sport, \u00e9sta registr\u00f3 apasionantes duelos en varias v\u00edas permitiendo que Ricardo Perea demostrara porqu\u00e9 vuelve a la punta con un total de 186.64 vueltas seguido por Luis Rub\u00edn con 183 giros y el 3ero en el podio Dardo Mica con 182.11. Felicitaciones.<\/p>\n<p><a href=\"https:\/\/diariodelujan.com\/xdeporte\/wp-content\/uploads\/2024\/07\/Sport.webp\"><img loading=\"lazy\" decoding=\"async\" class=\"alignnone size-full wp-image-13770\" src=\"https:\/\/diariodelujan.com\/xdeporte\/wp-content\/uploads\/2024\/07\/Sport.webp\" alt=\"Perea se impuso en Sport \" width=\"900\" height=\"506\" title=\"\" srcset=\"https:\/\/diariodelujan.com\/xdeporte\/wp-content\/uploads\/2024\/07\/Sport.webp 900w, https:\/\/diariodelujan.com\/xdeporte\/wp-content\/uploads\/2024\/07\/Sport-300x169.webp 300w, https:\/\/diariodelujan.com\/xdeporte\/wp-content\/uploads\/2024\/07\/Sport-768x432.webp 768w, https:\/\/diariodelujan.com\/xdeporte\/wp-content\/uploads\/2024\/07\/Sport-747x420.webp 747w, https:\/\/diariodelujan.com\/xdeporte\/wp-content\/uploads\/2024\/07\/Sport-696x391.webp 696w\" sizes=\"auto, (max-width: 900px) 100vw, 900px\" \/><\/a><\/p>\n<p>Fue 4to en la porf\u00eda Pompi Hallberg (177.61), 5to el retornado Horacio Pe\u00f1agaricano (172.66), 6to Pablo Ponce de Le\u00f3n (167.09) y 7mo el siempre vigente piloto preparador Oscar Romano sumando 160.66 giros a la m\u00edtica pista de Pedro Lagrave al 1100 en el predio de la Asociaci\u00f3n Italiana de Pilar.<\/p>\n<p>Se anuncia para este viernes 19 por la tarde\/noche la habitual competencia de ni\u00f1os, j\u00f3venes y debutantes.<\/p>\n<p><span style=\"font-family: georgia, palatino, serif; color: #808080;\"><em>Nota Ricardo Vega<\/em><\/span><br \/>\n<span style=\"font-family: georgia, palatino, serif; color: #808080;\"><em>Servicio de prensa<\/em><\/span><\/p>\n","protected":false},"excerpt":{"rendered":"<p>En la coqueta pista del Fiorano\/Vianini de esta ciudad se disput\u00f3 una nueva competencia de los Sport 1\/24 con luces, categor\u00eda \u00fanica en buena parte del conurbano bonaerense.<\/p>\n","protected":false},"author":4,"featured_media":13769,"comment_status":"closed","ping_status":"closed","sticky":false,"template":"","format":"standard","meta":{"tdm_status":"","tdm_grid_status":"","footnotes":""},"categories":[20],"tags":[281,282,27],"class_list":{"0":"post-13764","1":"post","2":"type-post","3":"status-publish","4":"format-standard","5":"has-post-thumbnail","7":"category-automodelismo","8":"tag-impuso","9":"tag-ricardo-perea","10":"tag-sport"},"_links":{"self":[{"href":"https:\/\/diariodelujan.com\/xdeporte\/wp-json\/wp\/v2\/posts\/13764","targetHints":{"allow":["GET"]}}],"collection":[{"href":"https:\/\/diariodelujan.com\/xdeporte\/wp-json\/wp\/v2\/posts"}],"about":[{"href":"https:\/\/diariodelujan.com\/xdeporte\/wp-json\/wp\/v2\/types\/post"}],"author":[{"embeddable":true,"href":"https:\/\/diariodelujan.com\/xdeporte\/wp-json\/wp\/v2\/users\/4"}],"replies":[{"embeddable":true,"href":"https:\/\/diariodelujan.com\/xdeporte\/wp-json\/wp\/v2\/comments?post=13764"}],"version-history":[{"count":0,"href":"https:\/\/diariodelujan.com\/xdeporte\/wp-json\/wp\/v2\/posts\/13764\/revisions"}],"wp:featuredmedia":[{"embeddable":true,"href":"https:\/\/diariodelujan.com\/xdeporte\/wp-json\/wp\/v2\/media\/13769"}],"wp:attachment":[{"href":"https:\/\/diariodelujan.com\/xdeporte\/wp-json\/wp\/v2\/media?parent=13764"}],"wp:term":[{"taxonomy":"category","embeddable":true,"href":"https:\/\/diariodelujan.com\/xdeporte\/wp-json\/wp\/v2\/categories?post=13764"},{"taxonomy":"post_tag","embeddable":true,"href":"https:\/\/diariodelujan.com\/xdeporte\/wp-json\/wp\/v2\/tags?post=13764"}],"curies":[{"name":"wp","href":"https:\/\/api.w.org\/{rel}","templated":true}]}}