{"id":14013,"date":"2024-07-23T20:25:17","date_gmt":"2024-07-23T23:25:17","guid":{"rendered":"https:\/\/www.diariodelujan.com\/?p=13971"},"modified":"2024-07-23T20:25:17","modified_gmt":"2024-07-23T23:25:17","slug":"finalizo-el-world-tennis-tour","status":"publish","type":"post","link":"https:\/\/diariodelujan.com\/xdeporte\/finalizo-el-world-tennis-tour\/","title":{"rendered":"Finaliz\u00f3 el torneo internacional de tenis en Luj\u00e1n"},"content":{"rendered":"<p><span style=\"font-family: georgia, palatino, serif; font-size: 14pt;\"><em>Finaliz\u00f3 el segundo torneo internacional de tenis W15 el fin de semana pasado y as\u00ed la ciudad de Luj\u00e1n contin\u00faa consolid\u00e1ndose como una plaza de relevancia para grandes eventos deportivos.<\/em> <\/span><\/p>\n<p>[dropcap]L[\/dropcap]os torneos disputados en las \u00faltimas dos semanas fueron organizados por la Asociaci\u00f3n Argentina de Tenis (AAT) y la Federaci\u00f3n Internacional de Tenis (<a href=\"https:\/\/www.itftennis.com\/\" target=\"_blank\" rel=\"noopener\">ITF<\/a>), el Luj\u00e1n Tenis Club y el Municipio de Luj\u00e1n -y sumaron puntos para el ranking profesional de mujeres a nivel mundial-.<\/p>\n<p>De las competencias participaron cerca de 180 deportistas nacionales e internacionales provenientes de pa\u00edses como Australia, Colombia, Per\u00fa, Estados Unidos, Canad\u00e1, Alemania, Chile, Suiza, M\u00e9xico y Brasil, entre otros.<\/p>\n<p>La instancia final del segundo torneo tuvo lugar el pasado domingo 21. En modalidad single, volvieron a disputarla la argentina Luisina Giovannini y la peruana Lucciana P\u00e9rez Alarc\u00f3n, pero esta vez el triunfo qued\u00f3 en manos de la deportista nacional.<\/p>\n<p>En tanto, en la modalidad dobles, la dupla conformada por Luisina Giovannini y la mexicana G\u00f3mez Pezuela se impusieron sobre las peruanas P\u00e9rez Alarc\u00f3n y Florencia Ccuno.<\/p>\n<p>Adem\u00e1s de llevarse un premio de u$s15 mil, las ganadoras sumaron 15 puntos para el ranking WTA. Las instancias finales fueron transmitidas por el canal de deportes <a href=\"https:\/\/deportv.gob.ar\/\" target=\"_blank\" rel=\"noopener\">DeporTV<\/a>.<\/p>\n<p>\u201cEstamos muy contentos no solo por el nivel profesional y organizativo que tuvieron ambos torneos, sino porque vamos consolidando a Luj\u00e1n como una plaza relevante para la realizaci\u00f3n de grandes eventos deportivos.<\/p>\n<p>Adem\u00e1s de promover la competencia de los deportistas locales, este tipo de eventos genera un importante movimiento tur\u00edstico que se traduce en un aumento de ocupaci\u00f3n hotelera y gastron\u00f3mica, y otros servicios asociados\u201d, evalu\u00f3 el Secretario de Desarrollo Humano, Federico Vanin.<\/p>\n","protected":false},"excerpt":{"rendered":"<p>Finaliz\u00f3 el segundo torneo internacional de tenis W15 el fin de semana pasado y as\u00ed la ciudad de Luj\u00e1n contin\u00faa consolid\u00e1ndose como una plaza de relevancia para grandes eventos deportivos. [dropcap]L[\/dropcap]os torneos disputados en las \u00faltimas dos semanas fueron organizados por la Asociaci\u00f3n Argentina de Tenis (AAT) y la Federaci\u00f3n Internacional de Tenis (ITF), el [&hellip;]<\/p>\n","protected":false},"author":4,"featured_media":14014,"comment_status":"closed","ping_status":"closed","sticky":false,"template":"","format":"standard","meta":{"tdm_status":"","tdm_grid_status":"","footnotes":""},"categories":[17],"tags":[22,270,110],"class_list":{"0":"post-14013","1":"post","2":"type-post","3":"status-publish","4":"format-standard","5":"has-post-thumbnail","7":"category-deportes","8":"tag-promocion","9":"tag-tenis-w15","10":"tag-torneo"},"_links":{"self":[{"href":"https:\/\/diariodelujan.com\/xdeporte\/wp-json\/wp\/v2\/posts\/14013","targetHints":{"allow":["GET"]}}],"collection":[{"href":"https:\/\/diariodelujan.com\/xdeporte\/wp-json\/wp\/v2\/posts"}],"about":[{"href":"https:\/\/diariodelujan.com\/xdeporte\/wp-json\/wp\/v2\/types\/post"}],"author":[{"embeddable":true,"href":"https:\/\/diariodelujan.com\/xdeporte\/wp-json\/wp\/v2\/users\/4"}],"replies":[{"embeddable":true,"href":"https:\/\/diariodelujan.com\/xdeporte\/wp-json\/wp\/v2\/comments?post=14013"}],"version-history":[{"count":0,"href":"https:\/\/diariodelujan.com\/xdeporte\/wp-json\/wp\/v2\/posts\/14013\/revisions"}],"wp:featuredmedia":[{"embeddable":true,"href":"https:\/\/diariodelujan.com\/xdeporte\/wp-json\/wp\/v2\/media\/14014"}],"wp:attachment":[{"href":"https:\/\/diariodelujan.com\/xdeporte\/wp-json\/wp\/v2\/media?parent=14013"}],"wp:term":[{"taxonomy":"category","embeddable":true,"href":"https:\/\/diariodelujan.com\/xdeporte\/wp-json\/wp\/v2\/categories?post=14013"},{"taxonomy":"post_tag","embeddable":true,"href":"https:\/\/diariodelujan.com\/xdeporte\/wp-json\/wp\/v2\/tags?post=14013"}],"curies":[{"name":"wp","href":"https:\/\/api.w.org\/{rel}","templated":true}]}}