{"id":14124,"date":"2024-07-27T21:55:20","date_gmt":"2024-07-28T00:55:20","guid":{"rendered":"https:\/\/www.diariodelujan.com\/?p=14124"},"modified":"2024-08-04T22:16:40","modified_gmt":"2024-08-05T01:16:40","slug":"flandria-volvio-al-triunfo","status":"publish","type":"post","link":"https:\/\/diariodelujan.com\/xdeporte\/flandria-volvio-al-triunfo\/","title":{"rendered":"Con lo justo, Flandria volvi\u00f3 al triunfo"},"content":{"rendered":"<p><span style=\"font-family: georgia, palatino, serif; font-size: 14pt;\"><em>Por la fecha 7 del Clausura, Flandria derrot\u00f3 al Lila por 1 a 0 y volvi\u00f3 a sumar de a tres. En el pr\u00f3ximo encuentro visitar\u00e1 a Merlo.<\/em><\/span><\/p>\n<p><!--more--><\/p>\n<p><img loading=\"lazy\" decoding=\"async\" class=\"aligncenter wp-image-14128\" src=\"https:\/\/diariodelujan.com\/xdeporte\/wp-content\/uploads\/2024\/07\/flandria-saca-2024.webp\" alt=\"Con lo justo, Flandria volvi\u00f3 al triunfo\" width=\"600\" height=\"538\" title=\"\" srcset=\"https:\/\/diariodelujan.com\/xdeporte\/wp-content\/uploads\/2024\/07\/flandria-saca-2024.webp 800w, https:\/\/diariodelujan.com\/xdeporte\/wp-content\/uploads\/2024\/07\/flandria-saca-2024-300x269.webp 300w, https:\/\/diariodelujan.com\/xdeporte\/wp-content\/uploads\/2024\/07\/flandria-saca-2024-768x688.webp 768w, https:\/\/diariodelujan.com\/xdeporte\/wp-content\/uploads\/2024\/07\/flandria-saca-2024-469x420.webp 469w, https:\/\/diariodelujan.com\/xdeporte\/wp-content\/uploads\/2024\/07\/flandria-saca-2024-696x624.webp 696w\" sizes=\"auto, (max-width: 600px) 100vw, 600px\" \/><\/p>\n<p>[dropcap]E[\/dropcap]n la tarde del s\u00e1bado, <a href=\"https:\/\/www.facebook.com\/ClubsydFlandria\" target=\"_blank\" rel=\"noopener\">Flandria<\/a> recibi\u00f3 a Sacachispas en el Carlos V y lo derrot\u00f3 1 a 0 con gol de Cristi\u00e1n Cuenca.<\/p>\n<p>En el primer tiempo, <em>el Canario<\/em> impuso su local\u00eda y fue quien tuvo m\u00e1s la pelota. Si bien al principio no pudo concretar un par de jugadas peligrosas que sirvieron para anticipar lo que se ven\u00eda.<\/p>\n<h4><strong>Flandria se puso en ventaja antes del descanso<\/strong><\/h4>\n<p>A poco del entretiempo, un pase filtrado para Mauro Bellone le permiti\u00f3 habilitar a Cuenca, para que este, con un toque suave, convirtiera el \u00fanico tanto de la tarde.<\/p>\n<p>Ya en el segundo tiempo, el dominio del campo fue de la visita, pero con la pelota en los pies no supo transformar ninguna situaci\u00f3n en gol.<\/p>\n<p>Cerca del final del encuentro, el Canario marc\u00f3 un segundo gol, pero este fue anulado, el arbitro justific\u00f3 esta decisi\u00f3n explicando que el autor del gol, Bellone, no se hab\u00eda retirado de la cancha luego de ser atendido por el personal m\u00e9dico.<\/p>\n<p>Tras las protestas, el local tuvo una nueva chance, pero el arquero Troncoso salv\u00f3 a su equipo del segundo de Flandria.<\/p>\n<p>Sin tiempo para m\u00e1s, el due\u00f1o de casa cant\u00f3 victoria luego de tres fechas y respira aliviado luego de la <a href=\"https:\/\/www.diariodelujan.com\/el-canario-perdio\/\" target=\"_blank\" rel=\"noopener\">derrota fuera de casa<\/a>. El pr\u00f3ximo compromiso del Canario ser\u00e1 ante Merlo, como visitante.<\/p>\n","protected":false},"excerpt":{"rendered":"<p>Por la fecha 7 del Clausura, Flandria derrot\u00f3 al Lila por 1 a 0 y volvi\u00f3 a sumar de a tres. En el pr\u00f3ximo encuentro visitar\u00e1 a Merlo.<\/p>\n","protected":false},"author":4,"featured_media":14128,"comment_status":"closed","ping_status":"closed","sticky":false,"template":"","format":"standard","meta":{"tdm_status":"","tdm_grid_status":"","footnotes":""},"categories":[2,8],"tags":[171,172,173,198,22,206],"class_list":{"0":"post-14124","1":"post","2":"type-post","3":"status-publish","4":"format-standard","5":"has-post-thumbnail","7":"category-featured","8":"category-futbol","9":"tag-canario","10":"tag-flandria","11":"tag-futbol","12":"tag-primera-b","13":"tag-promocion","14":"tag-sacachispas"},"_links":{"self":[{"href":"https:\/\/diariodelujan.com\/xdeporte\/wp-json\/wp\/v2\/posts\/14124","targetHints":{"allow":["GET"]}}],"collection":[{"href":"https:\/\/diariodelujan.com\/xdeporte\/wp-json\/wp\/v2\/posts"}],"about":[{"href":"https:\/\/diariodelujan.com\/xdeporte\/wp-json\/wp\/v2\/types\/post"}],"author":[{"embeddable":true,"href":"https:\/\/diariodelujan.com\/xdeporte\/wp-json\/wp\/v2\/users\/4"}],"replies":[{"embeddable":true,"href":"https:\/\/diariodelujan.com\/xdeporte\/wp-json\/wp\/v2\/comments?post=14124"}],"version-history":[{"count":1,"href":"https:\/\/diariodelujan.com\/xdeporte\/wp-json\/wp\/v2\/posts\/14124\/revisions"}],"predecessor-version":[{"id":14162,"href":"https:\/\/diariodelujan.com\/xdeporte\/wp-json\/wp\/v2\/posts\/14124\/revisions\/14162"}],"wp:featuredmedia":[{"embeddable":true,"href":"https:\/\/diariodelujan.com\/xdeporte\/wp-json\/wp\/v2\/media\/14128"}],"wp:attachment":[{"href":"https:\/\/diariodelujan.com\/xdeporte\/wp-json\/wp\/v2\/media?parent=14124"}],"wp:term":[{"taxonomy":"category","embeddable":true,"href":"https:\/\/diariodelujan.com\/xdeporte\/wp-json\/wp\/v2\/categories?post=14124"},{"taxonomy":"post_tag","embeddable":true,"href":"https:\/\/diariodelujan.com\/xdeporte\/wp-json\/wp\/v2\/tags?post=14124"}],"curies":[{"name":"wp","href":"https:\/\/api.w.org\/{rel}","templated":true}]}}