{"id":14130,"date":"2024-07-27T22:27:42","date_gmt":"2024-07-28T01:27:42","guid":{"rendered":"https:\/\/www.diariodelujan.com\/?p=14130"},"modified":"2024-08-04T22:16:39","modified_gmt":"2024-08-05T01:16:39","slug":"el-lujanero-recibe-a-bera","status":"publish","type":"post","link":"https:\/\/diariodelujan.com\/xdeporte\/el-lujanero-recibe-a-bera\/","title":{"rendered":"El Lujanero recibe a Berazategui al mediod\u00eda"},"content":{"rendered":"<p><span style=\"font-family: georgia, palatino, serif; font-size: 14pt;\"><em>Este domingo al mediod\u00eda, el Lujanero recibe en el estadio 1\u00b0 de Abril a la Naranja Mec\u00e1nica, en el duelo que corresponde a la fecha 4 de la Primera C.<\/em><\/span><\/p>\n<p><!--more--><\/p>\n<p><img loading=\"lazy\" decoding=\"async\" class=\"aligncenter wp-image-14133\" src=\"https:\/\/diariodelujan.com\/xdeporte\/wp-content\/uploads\/2024\/07\/ballester-lujan.webp\" alt=\"El Lujanero recibe a Berazategui al mediod\u00eda\" width=\"600\" height=\"432\" title=\"\" srcset=\"https:\/\/diariodelujan.com\/xdeporte\/wp-content\/uploads\/2024\/07\/ballester-lujan.webp 800w, https:\/\/diariodelujan.com\/xdeporte\/wp-content\/uploads\/2024\/07\/ballester-lujan-300x216.webp 300w, https:\/\/diariodelujan.com\/xdeporte\/wp-content\/uploads\/2024\/07\/ballester-lujan-768x553.webp 768w, https:\/\/diariodelujan.com\/xdeporte\/wp-content\/uploads\/2024\/07\/ballester-lujan-583x420.webp 583w, https:\/\/diariodelujan.com\/xdeporte\/wp-content\/uploads\/2024\/07\/ballester-lujan-696x501.webp 696w\" sizes=\"auto, (max-width: 600px) 100vw, 600px\" \/><\/p>\n<p>[dropcap]E[\/dropcap]n el marco de la cuarta fecha del Clausura de la Primera C, <a href=\"https:\/\/www.facebook.com\/www.clublujan.com.ar\" target=\"_blank\" rel=\"noopener\"><em>el Lujanero<\/em><\/a> ser\u00e1 anfitri\u00f3n ante Berazategui, en lo que ser\u00e1 un partido clave para mantenerse relevante en el torneo. El encargado de impartir justicia en este cruce, que se jugar\u00e1 este domingo a las 13 horas, es Mart\u00edn Desp\u00f3sito.<\/p>\n<h4><strong>Como llegan el Lujanero y el Naranja<\/strong><\/h4>\n<p>Los de la Bas\u00edlica llegan airosos tras el <a href=\"https:\/\/www.diariodelujan.com\/lujan-se-impuso-ante-yupanqui\/\" target=\"_blank\" rel=\"noopener\">triunfo ante Yupanqui<\/a> en la jornada pasada. Esta victoria los coloc\u00f3 entre los primeros en la tabla y, aunque el torneo reci\u00e9n arranca, Luj\u00e1n buscar\u00e1 mantenerse aferrado a la cima de la tabla.<\/p>\n<p>Por su lado, Berazategui solo cuenta con dos partidos en lo que va de la competencia, pues ya cumpli\u00f3 su fecha libre en la segunda jornada. Los resultados obtenidos fueron una victoria ante Yupanqui por la m\u00ednima diferencia y un empate en 1 contra Sportivo Barracas. En esta fecha, el Naranjero intentar\u00e1 derrotar a Luj\u00e1n y pasarlo por encima en la tabla.<\/p>\n","protected":false},"excerpt":{"rendered":"<p>Este domingo al mediod\u00eda, el Lujanero recibe en el estadio 1\u00b0 de Abril a la Naranja Mec\u00e1nica, en el duelo que corresponde a la fecha 4 de la Primera C.<\/p>\n","protected":false},"author":4,"featured_media":14133,"comment_status":"closed","ping_status":"closed","sticky":false,"template":"","format":"standard","meta":{"tdm_status":"","tdm_grid_status":"","footnotes":""},"categories":[8],"tags":[203,173,117,184,130],"class_list":{"0":"post-14130","1":"post","2":"type-post","3":"status-publish","4":"format-standard","5":"has-post-thumbnail","7":"category-futbol","8":"tag-berazategui","9":"tag-futbol","10":"tag-lujan","11":"tag-lujanero","12":"tag-primera-c"},"_links":{"self":[{"href":"https:\/\/diariodelujan.com\/xdeporte\/wp-json\/wp\/v2\/posts\/14130","targetHints":{"allow":["GET"]}}],"collection":[{"href":"https:\/\/diariodelujan.com\/xdeporte\/wp-json\/wp\/v2\/posts"}],"about":[{"href":"https:\/\/diariodelujan.com\/xdeporte\/wp-json\/wp\/v2\/types\/post"}],"author":[{"embeddable":true,"href":"https:\/\/diariodelujan.com\/xdeporte\/wp-json\/wp\/v2\/users\/4"}],"replies":[{"embeddable":true,"href":"https:\/\/diariodelujan.com\/xdeporte\/wp-json\/wp\/v2\/comments?post=14130"}],"version-history":[{"count":1,"href":"https:\/\/diariodelujan.com\/xdeporte\/wp-json\/wp\/v2\/posts\/14130\/revisions"}],"predecessor-version":[{"id":14309,"href":"https:\/\/diariodelujan.com\/xdeporte\/wp-json\/wp\/v2\/posts\/14130\/revisions\/14309"}],"wp:featuredmedia":[{"embeddable":true,"href":"https:\/\/diariodelujan.com\/xdeporte\/wp-json\/wp\/v2\/media\/14133"}],"wp:attachment":[{"href":"https:\/\/diariodelujan.com\/xdeporte\/wp-json\/wp\/v2\/media?parent=14130"}],"wp:term":[{"taxonomy":"category","embeddable":true,"href":"https:\/\/diariodelujan.com\/xdeporte\/wp-json\/wp\/v2\/categories?post=14130"},{"taxonomy":"post_tag","embeddable":true,"href":"https:\/\/diariodelujan.com\/xdeporte\/wp-json\/wp\/v2\/tags?post=14130"}],"curies":[{"name":"wp","href":"https:\/\/api.w.org\/{rel}","templated":true}]}}