{"id":14135,"date":"2024-07-28T19:18:25","date_gmt":"2024-07-28T22:18:25","guid":{"rendered":"https:\/\/www.diariodelujan.com\/?p=14135"},"modified":"2024-08-04T22:16:38","modified_gmt":"2024-08-05T01:16:38","slug":"el-lujanero-perdio","status":"publish","type":"post","link":"https:\/\/diariodelujan.com\/xdeporte\/el-lujanero-perdio\/","title":{"rendered":"El Lujanero perdi\u00f3 una buena chance contra Bera"},"content":{"rendered":"<p><span style=\"font-family: georgia, palatino, serif; font-size: 14pt;\"><em>Este domingo por la tarde, el Lujanero cay\u00f3 1 a 0 ante Berazategui y se perdi\u00f3 una buena chance de seguir sumando de a tres.<\/em><\/span><\/p>\n<p><!--more--><\/p>\n<p><img loading=\"lazy\" decoding=\"async\" class=\"aligncenter wp-image-14142\" src=\"https:\/\/diariodelujan.com\/xdeporte\/wp-content\/uploads\/2024\/07\/lujan-bera-2024.webp\" alt=\"El Lujanero perdi\u00f3 una buena chance contra Bera\" width=\"600\" height=\"434\" title=\"\" srcset=\"https:\/\/diariodelujan.com\/xdeporte\/wp-content\/uploads\/2024\/07\/lujan-bera-2024.webp 800w, https:\/\/diariodelujan.com\/xdeporte\/wp-content\/uploads\/2024\/07\/lujan-bera-2024-300x217.webp 300w, https:\/\/diariodelujan.com\/xdeporte\/wp-content\/uploads\/2024\/07\/lujan-bera-2024-768x555.webp 768w, https:\/\/diariodelujan.com\/xdeporte\/wp-content\/uploads\/2024\/07\/lujan-bera-2024-581x420.webp 581w, https:\/\/diariodelujan.com\/xdeporte\/wp-content\/uploads\/2024\/07\/lujan-bera-2024-696x503.webp 696w\" sizes=\"auto, (max-width: 600px) 100vw, 600px\" \/><\/p>\n<p>[dropcap]T[\/dropcap]ras el <a href=\"https:\/\/www.diariodelujan.com\/lujan-se-impuso-ante-yupanqui\/\" target=\"_blank\" rel=\"noopener\">triunfo ante Yupanqui en Ciudad Evita<\/a>, <em>el Lujanero<\/em> cay\u00f3 frente al Naranjero por la m\u00ednima diferencia y dej\u00f3 escapar tres puntos clave, en el duelo que correspondi\u00f3 a la fecha 4 del Clausura.<\/p>\n<h4>El Lujanero empez\u00f3 bien, pero no convirti\u00f3<\/h4>\n<p>Los primeros minutos del partido fueron para <a href=\"https:\/\/www.facebook.com\/www.clublujan.com.ar\" target=\"_blank\" rel=\"noopener\">Luj\u00e1n<\/a>, que gener\u00f3 m\u00faltiples jugadas de peligro en el arco defendido por Mat\u00edas Lescano. Sin embargo, el 1 visitante se luci\u00f3 y no le cedi\u00f3 ning\u00fan tanto al local.<\/p>\n<p>Con el correr de los minutos, el partido se fue emparejando. Berazategui fue encontrando su juego y empez\u00f3 a presionar al due\u00f1o de casa.<\/p>\n<p>A los 42 minutos de la primera mitad, <em>el Naranja\u00a0<\/em>aprovech\u00f3 los errores del local y tras una gran jugada se puso arriba en el marcador, con tanto de Mat\u00edas Flores.<\/p>\n<p>Ya en el segundo tiempo, Luj\u00e1n fue a buscar el empate, pero al atacar dejaba muchos espacios en la defensa. La visita intent\u00f3 aprovechar estos fallos, pero no pudo marcar el segundo gol que asegurar\u00eda su victoria.<\/p>\n<p>Al final, los dirigidos por el <em>Piri\u00a0<\/em>no pudieron dar vuelta el resultado y se quedaron con las manos vac\u00edas. La pr\u00f3xima semana, el conjunto de nuestra ciudad visitar\u00e1 a Sportivo Barracas.<\/p>\n","protected":false},"excerpt":{"rendered":"<p>Este domingo por la tarde, el Lujanero cay\u00f3 1 a 0 ante Berazategui y se perdi\u00f3 una buena chance de seguir sumando de a tres.<\/p>\n","protected":false},"author":4,"featured_media":14142,"comment_status":"closed","ping_status":"closed","sticky":false,"template":"","format":"standard","meta":{"tdm_status":"","tdm_grid_status":"","footnotes":""},"categories":[2,8],"tags":[203,173,117,184,130,22],"class_list":{"0":"post-14135","1":"post","2":"type-post","3":"status-publish","4":"format-standard","5":"has-post-thumbnail","7":"category-featured","8":"category-futbol","9":"tag-berazategui","10":"tag-futbol","11":"tag-lujan","12":"tag-lujanero","13":"tag-primera-c","14":"tag-promocion"},"_links":{"self":[{"href":"https:\/\/diariodelujan.com\/xdeporte\/wp-json\/wp\/v2\/posts\/14135","targetHints":{"allow":["GET"]}}],"collection":[{"href":"https:\/\/diariodelujan.com\/xdeporte\/wp-json\/wp\/v2\/posts"}],"about":[{"href":"https:\/\/diariodelujan.com\/xdeporte\/wp-json\/wp\/v2\/types\/post"}],"author":[{"embeddable":true,"href":"https:\/\/diariodelujan.com\/xdeporte\/wp-json\/wp\/v2\/users\/4"}],"replies":[{"embeddable":true,"href":"https:\/\/diariodelujan.com\/xdeporte\/wp-json\/wp\/v2\/comments?post=14135"}],"version-history":[{"count":1,"href":"https:\/\/diariodelujan.com\/xdeporte\/wp-json\/wp\/v2\/posts\/14135\/revisions"}],"predecessor-version":[{"id":14161,"href":"https:\/\/diariodelujan.com\/xdeporte\/wp-json\/wp\/v2\/posts\/14135\/revisions\/14161"}],"wp:featuredmedia":[{"embeddable":true,"href":"https:\/\/diariodelujan.com\/xdeporte\/wp-json\/wp\/v2\/media\/14142"}],"wp:attachment":[{"href":"https:\/\/diariodelujan.com\/xdeporte\/wp-json\/wp\/v2\/media?parent=14135"}],"wp:term":[{"taxonomy":"category","embeddable":true,"href":"https:\/\/diariodelujan.com\/xdeporte\/wp-json\/wp\/v2\/categories?post=14135"},{"taxonomy":"post_tag","embeddable":true,"href":"https:\/\/diariodelujan.com\/xdeporte\/wp-json\/wp\/v2\/tags?post=14135"}],"curies":[{"name":"wp","href":"https:\/\/api.w.org\/{rel}","templated":true}]}}