{"id":1415,"date":"2023-11-04T10:57:39","date_gmt":"2023-11-04T13:57:39","guid":{"rendered":"https:\/\/www.diariodelujan.com\/?p=1415"},"modified":"2023-11-04T10:57:39","modified_gmt":"2023-11-04T13:57:39","slug":"la-lujanense-candelaria-sequeira-consiguio-la-medalla-de-bronce","status":"publish","type":"post","link":"https:\/\/diariodelujan.com\/xdeporte\/la-lujanense-candelaria-sequeira-consiguio-la-medalla-de-bronce\/","title":{"rendered":"Candelaria Sequeira consigui\u00f3 la medalla de bronce"},"content":{"rendered":"<p><span style=\"font-family: georgia, palatino, serif; font-size: 14pt;\"><em>La palista del Club Tim\u00f3n, Candelaria Sequeira, obtuvo la medalla de bronce en los Juegos Panamericanos de Chile 2023.<\/em><\/span><!--more--><\/p>\n<p>[dropcap]E[\/dropcap]ste viernes, Candelaria Sequeira, junto con Martina Ezequilla, Sabrina Ameghino y Lucia Dalto, consigui\u00f3 la medalla de bronce en los Juegos Panamericanos que se lleva a cabo en Chile.<\/p>\n<p><img loading=\"lazy\" decoding=\"async\" class=\"size-full wp-image-1426 aligncenter\" src=\"https:\/\/diariodelujan.com\/xdeporte\/wp-content\/uploads\/2023\/11\/palista-chile-2023.webp\" alt=\"La lujanense Candelaria Sequeira consigui\u00f3 la medalla de bronce\" width=\"650\" height=\"650\" title=\"\" srcset=\"https:\/\/diariodelujan.com\/xdeporte\/wp-content\/uploads\/2023\/11\/palista-chile-2023.webp 650w, https:\/\/diariodelujan.com\/xdeporte\/wp-content\/uploads\/2023\/11\/palista-chile-2023-300x300.webp 300w, https:\/\/diariodelujan.com\/xdeporte\/wp-content\/uploads\/2023\/11\/palista-chile-2023-150x150.webp 150w, https:\/\/diariodelujan.com\/xdeporte\/wp-content\/uploads\/2023\/11\/palista-chile-2023-420x420.webp 420w\" sizes=\"auto, (max-width: 650px) 100vw, 650px\" \/><\/p>\n<p>Fue en la prueba de K4 en 500 metros de distancia, donde las argentinas marcaron 1 minuto y 36 segundos, justo detr\u00e1s de las mexicanas que, con 1 minuto y 34 segundos, se quedaron con la medalla de oro y las canadienses que lograron el segundo puesto con 1 minuto y 35 segundos.<\/p>\n<p>Adem\u00e1s, recordemos que las palistas se clasificaron a los Juegos al obtener el tercer puesto en la competencia desarrollada en Halifax, Canad\u00e1 y consagrarse campeonas Sudamericanas en Asunci\u00f3n, Paraguay.<\/p>\n<p>Tambi\u00e9n, Candelaria tuvo un excelente desempe\u00f1o en el Campeonato Argentino realizado en General Villegas, all\u00ed, junto al equipo Sub23, se clasificaron al Mundial realizado en Italia, donde llegaron en el noveno puesto de la final.<\/p>\n","protected":false},"excerpt":{"rendered":"<p>La palista del Club Tim\u00f3n, Candelaria Sequeira, obtuvo la medalla de bronce en los Juegos Panamericanos de Chile 2023.<\/p>\n","protected":false},"author":4,"featured_media":1426,"comment_status":"closed","ping_status":"closed","sticky":false,"template":"","format":"standard","meta":{"tdm_status":"","tdm_grid_status":"","footnotes":""},"categories":[255],"tags":[259,260,261,37,155,258,22],"class_list":{"0":"post-1415","1":"post","2":"type-post","3":"status-publish","4":"format-standard","5":"has-post-thumbnail","7":"category-canotaje","8":"tag-candelaria-sequeira","9":"tag-canotaje","10":"tag-chile","11":"tag-juegos-panamericanos","12":"tag-lujanense","13":"tag-palista","14":"tag-promocion"},"_links":{"self":[{"href":"https:\/\/diariodelujan.com\/xdeporte\/wp-json\/wp\/v2\/posts\/1415","targetHints":{"allow":["GET"]}}],"collection":[{"href":"https:\/\/diariodelujan.com\/xdeporte\/wp-json\/wp\/v2\/posts"}],"about":[{"href":"https:\/\/diariodelujan.com\/xdeporte\/wp-json\/wp\/v2\/types\/post"}],"author":[{"embeddable":true,"href":"https:\/\/diariodelujan.com\/xdeporte\/wp-json\/wp\/v2\/users\/4"}],"replies":[{"embeddable":true,"href":"https:\/\/diariodelujan.com\/xdeporte\/wp-json\/wp\/v2\/comments?post=1415"}],"version-history":[{"count":0,"href":"https:\/\/diariodelujan.com\/xdeporte\/wp-json\/wp\/v2\/posts\/1415\/revisions"}],"wp:featuredmedia":[{"embeddable":true,"href":"https:\/\/diariodelujan.com\/xdeporte\/wp-json\/wp\/v2\/media\/1426"}],"wp:attachment":[{"href":"https:\/\/diariodelujan.com\/xdeporte\/wp-json\/wp\/v2\/media?parent=1415"}],"wp:term":[{"taxonomy":"category","embeddable":true,"href":"https:\/\/diariodelujan.com\/xdeporte\/wp-json\/wp\/v2\/categories?post=1415"},{"taxonomy":"post_tag","embeddable":true,"href":"https:\/\/diariodelujan.com\/xdeporte\/wp-json\/wp\/v2\/tags?post=1415"}],"curies":[{"name":"wp","href":"https:\/\/api.w.org\/{rel}","templated":true}]}}