{"id":14206,"date":"2023-12-26T22:18:58","date_gmt":"2023-12-27T01:18:58","guid":{"rendered":"https:\/\/diariodelujan.com\/xdeporte\/?p=14206"},"modified":"2024-07-30T22:30:11","modified_gmt":"2024-07-31T01:30:11","slug":"emiliano-morales-campeon-de-ciclismo","status":"publish","type":"post","link":"https:\/\/diariodelujan.com\/xdeporte\/emiliano-morales-campeon-de-ciclismo\/","title":{"rendered":"Morales es el nuevo campe\u00f3n argentino de ciclismo"},"content":{"rendered":"<p><span style=\"font-family: georgia, palatino, serif; font-size: 14pt;\"><em>El ciclismo juvenil en Argentina vivi\u00f3 uno de sus momentos m\u00e1s destacados del a\u00f1o con la celebraci\u00f3n del Campeonato Nacional Infanto Juvenil en la ciudad de Bel\u00e9n, Catamarca.<\/em><\/span><!--more--><\/p>\n<p>Este evento, considerado una de las citas m\u00e1s importantes del calendario deportivo en el ciclismo, reuni\u00f3 a j\u00f3venes promesas de todo el pa\u00eds en una competencia que no solo puso a prueba su resistencia y habilidad, sino tambi\u00e9n su pasi\u00f3n por este deporte.<\/p>\n<p><span style=\"font-size: 14pt;\"><strong>Ciclismo de alto nivel<\/strong><\/span><\/p>\n<p>La jornada de definici\u00f3n fue emocionante y llena de adrenalina, con la participaci\u00f3n de ciclistas nacidos en los a\u00f1os 2009 y 2010, as\u00ed como categor\u00edas que incluyeron a damas menores y j\u00f3venes de entre 7 y 18 a\u00f1os, nacidos entre 2016 y 2005. Esta diversidad de edades reflej\u00f3 el compromiso y la dedicaci\u00f3n de los j\u00f3venes hacia el ciclismo, fomentando un ambiente de camarader\u00eda y sana competencia.<\/p>\n<p>Entre los participantes destac\u00f3 Emiliano Morales, un joven ciclista de Luj\u00e1n que se coron\u00f3 campe\u00f3n en la categor\u00eda 2008. Morales demostr\u00f3 su talento y preparaci\u00f3n al obtener el primer lugar, dejando en segundo puesto a Benjam\u00edn Guzm\u00e1n de San Juan y en tercer lugar a Valent\u00edn Banchio de Chaco. La carrera de Morales fue sobresaliente, logrando una victoria con amplio margen sobre sus competidores.<\/p>\n<h3><span style=\"font-size: 14pt;\"><strong>El Triunfo de Emiliano Morales<\/strong><\/span><\/h3>\n<p>Emiliano Morales, de 15 a\u00f1os, ha tenido un a\u00f1o lleno de \u00e9xitos en el \u00e1mbito deportivo. Adem\u00e1s de su reciente victoria en Catamarca, obtuvo una medalla de plata en los Juegos Nacionales Evita celebrados en Mar del Plata. Estudiante de la Escuela Secundaria T\u00e9cnica N\u00ba1 de General Rodr\u00edguez, Morales entrena con la ONG Amigos por la Diversidad Deportiva de General Rodr\u00edguez (<a href=\"https:\/\/addegro.org\/\" target=\"_blank\" rel=\"noopener\">ADDEGRO<\/a>), organizaci\u00f3n que ha sido fundamental en su desarrollo como ciclista.<\/p>\n<p>ADDEGRO expres\u00f3 su orgullo y felicitaciones a trav\u00e9s de sus redes sociales, destacando la dedicaci\u00f3n y esfuerzo de Morales y sus compa\u00f1eros: \u201cVan abriendo nuevos caminos y ense\u00f1ando que con trabajo y dedicaci\u00f3n los logros llegan solos. Felicitaciones a ellos, a todas las familias que acompa\u00f1an y a los entrenadores, que son quienes est\u00e1n d\u00eda a d\u00eda brind\u00e1ndose en este proceso\u201d.<\/p>\n<h3><strong><span style=\"font-size: 14pt;\">Celebraci\u00f3n en General Rodr\u00edguez<\/span><\/strong><\/h3>\n<p>La celebraci\u00f3n del triunfo no se limit\u00f3 a Catamarca. A su regreso, Emiliano Morales y Santiago Joel Fern\u00e1ndez, otro joven de General Rodr\u00edguez que obtuvo el subcampeonato en su categor\u00eda, fueron recibidos con una caravana que recorri\u00f3 las calles c\u00e9ntricas de la ciudad. La caravana culmin\u00f3 en el Polideportivo Municipal, donde se llev\u00f3 a cabo una celebraci\u00f3n en la sede de ADDEGRO, con familiares, amigos y seguidores del ciclismo que se reunieron para festejar los logros de estos j\u00f3venes deportistas.<\/p>\n<h4><strong>El Futuro del Ciclismo Juvenil<\/strong><\/h4>\n<p>Eventos como el Campeonato Nacional Infanto Juvenil no solo promueven el deporte, sino que tambi\u00e9n inspiran a las nuevas generaciones a seguir sus sue\u00f1os y a trabajar arduamente para alcanzarlos. La participaci\u00f3n de j\u00f3venes de todo el pa\u00eds y el apoyo de organizaciones como ADDEGRO son fundamentales para el desarrollo del ciclismo juvenil en Argentina.<\/p>\n<p>El \u00e9xito de Emiliano Morales es un ejemplo claro de lo que se puede lograr con dedicaci\u00f3n, apoyo y pasi\u00f3n. Su trayectoria y sus logros en el ciclismo son motivo de orgullo para su comunidad y una inspiraci\u00f3n para otros j\u00f3venes que sue\u00f1an con destacar en este deporte. La historia de Morales y sus compa\u00f1eros nos recuerda la importancia de apoyar a los j\u00f3venes atletas, quienes representan el futuro del ciclismo y del deporte en general en Argentina.<\/p>\n<p>El Campeonato Nacional Infanto Juvenil en Catamarca fue un evento que celebr\u00f3 el talento, la dedicaci\u00f3n y la pasi\u00f3n de los j\u00f3venes ciclistas argentinos, dejando una huella imborrable en la historia del ciclismo juvenil y motivando a futuras generaciones a pedalear hacia sus sue\u00f1os.<\/p>\n","protected":false},"excerpt":{"rendered":"<p>El ciclismo juvenil en Argentina vivi\u00f3 uno de sus momentos m\u00e1s destacados del a\u00f1o con la celebraci\u00f3n del Campeonato Nacional Infanto Juvenil en la ciudad de Bel\u00e9n, Catamarca.<\/p>\n","protected":false},"author":4,"featured_media":14209,"comment_status":"open","ping_status":"open","sticky":false,"template":"","format":"standard","meta":{"tdm_status":"","tdm_grid_status":"","footnotes":""},"categories":[7],"tags":[67,288,287],"class_list":{"0":"post-14206","1":"post","2":"type-post","3":"status-publish","4":"format-standard","5":"has-post-thumbnail","7":"category-ciclismo","8":"tag-campeon","9":"tag-catamarca","10":"tag-ciclismo"},"_links":{"self":[{"href":"https:\/\/diariodelujan.com\/xdeporte\/wp-json\/wp\/v2\/posts\/14206","targetHints":{"allow":["GET"]}}],"collection":[{"href":"https:\/\/diariodelujan.com\/xdeporte\/wp-json\/wp\/v2\/posts"}],"about":[{"href":"https:\/\/diariodelujan.com\/xdeporte\/wp-json\/wp\/v2\/types\/post"}],"author":[{"embeddable":true,"href":"https:\/\/diariodelujan.com\/xdeporte\/wp-json\/wp\/v2\/users\/4"}],"replies":[{"embeddable":true,"href":"https:\/\/diariodelujan.com\/xdeporte\/wp-json\/wp\/v2\/comments?post=14206"}],"version-history":[{"count":2,"href":"https:\/\/diariodelujan.com\/xdeporte\/wp-json\/wp\/v2\/posts\/14206\/revisions"}],"predecessor-version":[{"id":14208,"href":"https:\/\/diariodelujan.com\/xdeporte\/wp-json\/wp\/v2\/posts\/14206\/revisions\/14208"}],"wp:featuredmedia":[{"embeddable":true,"href":"https:\/\/diariodelujan.com\/xdeporte\/wp-json\/wp\/v2\/media\/14209"}],"wp:attachment":[{"href":"https:\/\/diariodelujan.com\/xdeporte\/wp-json\/wp\/v2\/media?parent=14206"}],"wp:term":[{"taxonomy":"category","embeddable":true,"href":"https:\/\/diariodelujan.com\/xdeporte\/wp-json\/wp\/v2\/categories?post=14206"},{"taxonomy":"post_tag","embeddable":true,"href":"https:\/\/diariodelujan.com\/xdeporte\/wp-json\/wp\/v2\/tags?post=14206"}],"curies":[{"name":"wp","href":"https:\/\/api.w.org\/{rel}","templated":true}]}}