{"id":14267,"date":"2024-08-03T12:27:27","date_gmt":"2024-08-03T15:27:27","guid":{"rendered":"https:\/\/diariodelujan.com\/xdeporte\/?p=14267"},"modified":"2024-08-04T22:16:31","modified_gmt":"2024-08-05T01:16:31","slug":"el-canario-visitara-a-merlo","status":"publish","type":"post","link":"https:\/\/diariodelujan.com\/xdeporte\/el-canario-visitara-a-merlo\/","title":{"rendered":"El Canario visita a Merlo en un duelo de necesitados"},"content":{"rendered":"<p><span style=\"font-family: georgia, palatino, serif; font-size: 14pt;\"><em>Por el encuentro correspondiente a la fecha 8 del Clausura, el Canario visitar\u00e1 el estadio Jos\u00e9 Manuel Moreno para enfrentar a Merlo en un duelo de necesitados.<\/em><span id=\"more-14419\"><\/span><!--more--><\/span><\/p>\n<p><a href=\"https:\/\/www.diariodelujan.com\/wp-content\/uploads\/2024\/08\/cole-flandria2-2024.webp\"><img loading=\"lazy\" decoding=\"async\" class=\"tie-appear alignnone wp-image-14420\" title=\"El Canario visitar\u00e1 a Merlo en un duelo de necesitados 1\" src=\"https:\/\/www.diariodelujan.com\/wp-content\/uploads\/2024\/08\/cole-flandria2-2024.webp\" sizes=\"auto, (max-width: 600px) 100vw, 600px\" srcset=\"https:\/\/www.diariodelujan.com\/wp-content\/uploads\/2024\/08\/cole-flandria2-2024.webp 800w, https:\/\/www.diariodelujan.com\/wp-content\/uploads\/2024\/08\/cole-flandria2-2024-300x200.webp 300w, https:\/\/www.diariodelujan.com\/wp-content\/uploads\/2024\/08\/cole-flandria2-2024-768x512.webp 768w\" alt=\"El Canario visitar\u00e1 a Merlo en un duelo de necesitados\" width=\"600\" height=\"400\" \/><\/a><\/p>\n<p><span class=\"dropcap \">E<\/span>ste s\u00e1bado a las 15 horas, <a href=\"https:\/\/www.facebook.com\/ClubsydFlandria\" target=\"_blank\" rel=\"noopener\"><em>el Canario<\/em><\/a> y Merlo se ver\u00e1n las caras luego de su \u00faltimo cruce en marzo de este mismo a\u00f1o, partido en el que <em>el Charro<\/em> se qued\u00f3 con los tres puntos al derrotar por 2 a 0 a Flandria en J\u00e1uregui.<\/p>\n<p>&nbsp;<\/p>\n<h4><strong>Como llegan el Canario y el Charro<\/strong><\/h4>\n<p>En la fecha anterior, <a href=\"https:\/\/diariodelujan.com\/xdeporte\/flandria-volvio-al-triunfo\/\" target=\"_blank\" rel=\"noopener\">Flandria super\u00f3 a Sacachispas<\/a> por la m\u00ednima diferencia y obtuvo un triunfo importante para despegar del fondo de la tabla y acercarse a la zona de reducido. En esta jornada deber\u00e1 repetir resultado en Merlo para no malograr lo conseguido hasta hoy.<\/p>\n<p><em>El Charro<\/em>, por su lado, transita un presente similar al del <em>Canario<\/em>, con una serie de duras derrotas que fueron rotas recientemente con un empate ante Sportivo Italiano 1-1 y un triunfo ante Villa San Carlos por 1 a 0. En esta encuentro buscar\u00e1 hacerse fuerte en casa, frente a los de J\u00e1uregui para hilar una segunda victoria.<\/p>\n<p><span class=\"edit-link\"><a class=\"post-edit-link\" href=\"https:\/\/www.diariodelujan.com\/wp-admin\/post.php?post=14419&amp;action=edit\">Edit<\/a><\/span><\/p>\n","protected":false},"excerpt":{"rendered":"<p>Por el encuentro correspondiente a la fecha 8 del Clausura, el Canario visitar\u00e1 el estadio Jos\u00e9 Manuel Moreno para enfrentar a Merlo en un duelo de necesitados.<\/p>\n","protected":false},"author":3,"featured_media":14276,"comment_status":"closed","ping_status":"open","sticky":false,"template":"","format":"standard","meta":{"tdm_status":"","tdm_grid_status":"","footnotes":""},"categories":[8],"tags":[171,172,173,295],"class_list":{"0":"post-14267","1":"post","2":"type-post","3":"status-publish","4":"format-standard","5":"has-post-thumbnail","7":"category-futbol","8":"tag-canario","9":"tag-flandria","10":"tag-futbol","11":"tag-merlo"},"_links":{"self":[{"href":"https:\/\/diariodelujan.com\/xdeporte\/wp-json\/wp\/v2\/posts\/14267","targetHints":{"allow":["GET"]}}],"collection":[{"href":"https:\/\/diariodelujan.com\/xdeporte\/wp-json\/wp\/v2\/posts"}],"about":[{"href":"https:\/\/diariodelujan.com\/xdeporte\/wp-json\/wp\/v2\/types\/post"}],"author":[{"embeddable":true,"href":"https:\/\/diariodelujan.com\/xdeporte\/wp-json\/wp\/v2\/users\/3"}],"replies":[{"embeddable":true,"href":"https:\/\/diariodelujan.com\/xdeporte\/wp-json\/wp\/v2\/comments?post=14267"}],"version-history":[{"count":5,"href":"https:\/\/diariodelujan.com\/xdeporte\/wp-json\/wp\/v2\/posts\/14267\/revisions"}],"predecessor-version":[{"id":14279,"href":"https:\/\/diariodelujan.com\/xdeporte\/wp-json\/wp\/v2\/posts\/14267\/revisions\/14279"}],"wp:featuredmedia":[{"embeddable":true,"href":"https:\/\/diariodelujan.com\/xdeporte\/wp-json\/wp\/v2\/media\/14276"}],"wp:attachment":[{"href":"https:\/\/diariodelujan.com\/xdeporte\/wp-json\/wp\/v2\/media?parent=14267"}],"wp:term":[{"taxonomy":"category","embeddable":true,"href":"https:\/\/diariodelujan.com\/xdeporte\/wp-json\/wp\/v2\/categories?post=14267"},{"taxonomy":"post_tag","embeddable":true,"href":"https:\/\/diariodelujan.com\/xdeporte\/wp-json\/wp\/v2\/tags?post=14267"}],"curies":[{"name":"wp","href":"https:\/\/api.w.org\/{rel}","templated":true}]}}