{"id":14281,"date":"2024-08-03T19:44:34","date_gmt":"2024-08-03T22:44:34","guid":{"rendered":"https:\/\/diariodelujan.com\/xdeporte\/?p=14281"},"modified":"2024-08-04T22:16:30","modified_gmt":"2024-08-05T01:16:30","slug":"duro-golpe-para-flandria-en-merlo","status":"publish","type":"post","link":"https:\/\/diariodelujan.com\/xdeporte\/duro-golpe-para-flandria-en-merlo\/","title":{"rendered":"Duro golpe para Flandria en Merlo"},"content":{"rendered":"<p><span style=\"font-family: georgia, palatino, serif; font-size: 14pt;\"><em>En la tarde del s\u00e1bado, Flandria fue goleado por Deportivo Merlo 3 a 0 y, como consecuencia, se aleja de los puestos de reducido.<\/em><\/span><\/p>\n<p>&nbsp;<\/p>\n<p><img loading=\"lazy\" decoding=\"async\" class=\"aligncenter wp-image-14429 tie-appear\" title=\"Duro golpe para Flandria en Merlo 1\" src=\"https:\/\/www.diariodelujan.com\/wp-content\/uploads\/2024\/08\/merlo-flandria1-2024.webp\" sizes=\"auto, (max-width: 650px) 100vw, 650px\" srcset=\"https:\/\/www.diariodelujan.com\/wp-content\/uploads\/2024\/08\/merlo-flandria1-2024.webp 800w, https:\/\/www.diariodelujan.com\/wp-content\/uploads\/2024\/08\/merlo-flandria1-2024-300x228.webp 300w, https:\/\/www.diariodelujan.com\/wp-content\/uploads\/2024\/08\/merlo-flandria1-2024-768x584.webp 768w\" alt=\"Duro golpe para Flandria en Merlo\" width=\"650\" height=\"494\" \/><\/p>\n<p><span class=\"dropcap \">T<\/span>ras la <a href=\"https:\/\/diariodelujan.com\/xdeporte\/flandria-volvio-al-triunfo\/\" target=\"_blank\" rel=\"noopener\">victoria de Flandria ante el Lila<\/a> la semana pasada, los dirigidos por D\u00edaz necesitaban repetir resultado esta fecha para escalar posiciones tanto en la tabla del Clausura como en la general. Sin embargo, el Charro se hizo fuerte en casa y lo gole\u00f3 3 a 0.<\/p>\n<h4><strong>Otro dolor de cabeza para Flandria<\/strong><\/h4>\n<p>Si bien <a href=\"https:\/\/www.facebook.com\/ClubsydFlandria\" target=\"_blank\" rel=\"noopener\"><em>el Canario<\/em><\/a> tuvo la primera chance de convertir con un cabezazo de Cabrera, el local fue m\u00e1s certero, ya que a los 14 minutos de juego anot\u00f3 el primero de la tarde de la mano de Penepil.<\/p>\n<p>Flandria sali\u00f3 a buscar el empate y en una de las ofensivas un defensor de Merlo desvi\u00f3 la trayectoria de la pelota con la mano, pero el \u00e1rbitro Ariel Cruz no sancion\u00f3 penal.<\/p>\n<p>En el segundo tiempo, el local r\u00e1pidamente aument\u00f3 la ventaja con un golazo de Miqueas Gonz\u00e1lez que D\u00edaz no pudo desviar.<\/p>\n<p>Tras esto, los de J\u00e1uregui fueron por el descuento. A pesar de las m\u00e1s claras, que fueron un cabezazo de Jauriguiberry que se fue cerca y un intento de Cabrera que fue contenido por el arquero Fern\u00e1ndez, el conjunto visitante no pudo reducir la diferencia.<\/p>\n<p>Sin chances para dar vuelta el resultado, <em>el Canario<\/em> recibi\u00f3 un \u00faltimo golpe. En tiempo de descuento, el 1 de Flandria contuvo un remate fuerte al primer palo, pero la pelota qued\u00f3 en el \u00e1rea chica, servida para que Ian D\u00edaz la empuje y fulmine el partido.<\/p>\n<p>Luego de este resultado, los de J\u00e1uregui recibir\u00e1n a Laferrere en el Carlos V, por la fecha 9.<\/p>\n","protected":false},"excerpt":{"rendered":"<p>En la tarde del s\u00e1bado, Flandria fue goleado por Deportivo Merlo 3 a 0 y, como consecuencia, se aleja de los puestos de reducido. &nbsp; Tras la victoria de Flandria ante el Lila la semana pasada, los dirigidos por D\u00edaz necesitaban repetir resultado esta fecha para escalar posiciones tanto en la tabla del Clausura como [&hellip;]<\/p>\n","protected":false},"author":4,"featured_media":14282,"comment_status":"closed","ping_status":"open","sticky":false,"template":"","format":"standard","meta":{"tdm_status":"","tdm_grid_status":"","footnotes":""},"categories":[8,2],"tags":[171,172],"class_list":{"0":"post-14281","1":"post","2":"type-post","3":"status-publish","4":"format-standard","5":"has-post-thumbnail","7":"category-futbol","8":"category-featured","9":"tag-canario","10":"tag-flandria"},"_links":{"self":[{"href":"https:\/\/diariodelujan.com\/xdeporte\/wp-json\/wp\/v2\/posts\/14281","targetHints":{"allow":["GET"]}}],"collection":[{"href":"https:\/\/diariodelujan.com\/xdeporte\/wp-json\/wp\/v2\/posts"}],"about":[{"href":"https:\/\/diariodelujan.com\/xdeporte\/wp-json\/wp\/v2\/types\/post"}],"author":[{"embeddable":true,"href":"https:\/\/diariodelujan.com\/xdeporte\/wp-json\/wp\/v2\/users\/4"}],"replies":[{"embeddable":true,"href":"https:\/\/diariodelujan.com\/xdeporte\/wp-json\/wp\/v2\/comments?post=14281"}],"version-history":[{"count":2,"href":"https:\/\/diariodelujan.com\/xdeporte\/wp-json\/wp\/v2\/posts\/14281\/revisions"}],"predecessor-version":[{"id":14284,"href":"https:\/\/diariodelujan.com\/xdeporte\/wp-json\/wp\/v2\/posts\/14281\/revisions\/14284"}],"wp:featuredmedia":[{"embeddable":true,"href":"https:\/\/diariodelujan.com\/xdeporte\/wp-json\/wp\/v2\/media\/14282"}],"wp:attachment":[{"href":"https:\/\/diariodelujan.com\/xdeporte\/wp-json\/wp\/v2\/media?parent=14281"}],"wp:term":[{"taxonomy":"category","embeddable":true,"href":"https:\/\/diariodelujan.com\/xdeporte\/wp-json\/wp\/v2\/categories?post=14281"},{"taxonomy":"post_tag","embeddable":true,"href":"https:\/\/diariodelujan.com\/xdeporte\/wp-json\/wp\/v2\/tags?post=14281"}],"curies":[{"name":"wp","href":"https:\/\/api.w.org\/{rel}","templated":true}]}}