{"id":14304,"date":"2024-08-04T20:12:34","date_gmt":"2024-08-04T23:12:34","guid":{"rendered":"https:\/\/diariodelujan.com\/xdeporte\/?p=14304"},"modified":"2024-08-04T22:16:26","modified_gmt":"2024-08-05T01:16:26","slug":"walter-diaz-se-fue-de-flandria","status":"publish","type":"post","link":"https:\/\/diariodelujan.com\/xdeporte\/walter-diaz-se-fue-de-flandria\/","title":{"rendered":"Walter D\u00edaz ya no ser\u00e1 DT de Flandria"},"content":{"rendered":"<p><span style=\"font-family: georgia, palatino, serif; font-size: 14pt;\"><em>Tras la <a href=\"https:\/\/diariodelujan.com\/xdeporte\/duro-golpe-para-flandria-en-merlo\" target=\"_blank\" rel=\"noopener\">derrota ante Deportivo Merlo por 3 a 0<\/a>, la dirigencia de Flandria public\u00f3 un comunicado este domingo informando que Walter D\u00edaz ya no ser\u00e1 Director T\u00e9cnico del Canario.<\/em><\/span><\/p>\n<p><!--more--><\/p>\n<p><img loading=\"lazy\" decoding=\"async\" class=\"aligncenter wp-image-14305\" src=\"https:\/\/diariodelujan.com\/xdeporte\/wp-content\/uploads\/2024\/08\/ex-dt-flandria-2024.webp\" alt=\"Walter D\u00edaz ya no ser\u00e1 DT de Flandria\" width=\"600\" height=\"400\" title=\"\" srcset=\"https:\/\/diariodelujan.com\/xdeporte\/wp-content\/uploads\/2024\/08\/ex-dt-flandria-2024.webp 800w, https:\/\/diariodelujan.com\/xdeporte\/wp-content\/uploads\/2024\/08\/ex-dt-flandria-2024-300x200.webp 300w, https:\/\/diariodelujan.com\/xdeporte\/wp-content\/uploads\/2024\/08\/ex-dt-flandria-2024-768x512.webp 768w, https:\/\/diariodelujan.com\/xdeporte\/wp-content\/uploads\/2024\/08\/ex-dt-flandria-2024-630x420.webp 630w, https:\/\/diariodelujan.com\/xdeporte\/wp-content\/uploads\/2024\/08\/ex-dt-flandria-2024-696x464.webp 696w\" sizes=\"auto, (max-width: 600px) 100vw, 600px\" \/><\/p>\n<p>[dropcap]E[\/dropcap]ste domingo los simpatizantes del Canario se enteraron, a trav\u00e9s de un <a href=\"https:\/\/www.facebook.com\/ClubsydFlandria\/posts\/pfbid02J45fvTWWRRtC6koN2qT6pijDw3NWkmQPwmH4ZPtEmjr9b9JxENnGSmZx8aqcFtbJl\" target=\"_blank\" rel=\"noopener\">comunicado<\/a> publicado en las redes sociales, que \u201cWalter D\u00edaz ha dejado de ser el entrenador del plantel profesional\u201d. El comunicado tambi\u00e9n expres\u00f3 &#8220;Le agradecemos a \u00e9l, Adri\u00e1n Brito, Cristian Rostagno y Marcos Ramponi por estos meses de trabajo y les deseamos \u00e9xitos en su futuro.&#8221;<\/p>\n<h4><strong>Lo que dej\u00f3 el paso de Walter D\u00edaz por Flandria<\/strong><\/h4>\n<p>El \u00eddolo del club hab\u00eda llegado al cargo el 11 de septiembre de 2023. Desde entonces cosech\u00f3 13 victorias, 9 empates y 12 derrotas en 34 partidos (5 de ellos jugados en la B Nacional y 29 en la actual categor\u00eda).<\/p>\n<p>De esta manera, los de J\u00e1uregui se quedaron sin DT y deber\u00e1n buscar ahora un reemplazo para afrontar primero el cruce contra Laferrere y luego el resto del Clausura, con el objetivo de, al menos, meterse en los puestos de reducido, por un lugar en el ascenso.<\/p>\n","protected":false},"excerpt":{"rendered":"<p>Tras la derrota ante Deportivo Merlo por 3 a 0, la dirigencia de Flandria public\u00f3 un comunicado este domingo informando que Walter D\u00edaz ya no ser\u00e1 Director T\u00e9cnico del Canario.<\/p>\n","protected":false},"author":3,"featured_media":14305,"comment_status":"closed","ping_status":"open","sticky":false,"template":"","format":"standard","meta":{"tdm_status":"","tdm_grid_status":"","footnotes":""},"categories":[2,8],"tags":[299,185,172,173,300,298],"class_list":{"0":"post-14304","1":"post","2":"type-post","3":"status-publish","4":"format-standard","5":"has-post-thumbnail","7":"category-featured","8":"category-futbol","9":"tag-despido","10":"tag-dt","11":"tag-flandria","12":"tag-futbol","13":"tag-tecnico","14":"tag-walter-diaz"},"_links":{"self":[{"href":"https:\/\/diariodelujan.com\/xdeporte\/wp-json\/wp\/v2\/posts\/14304","targetHints":{"allow":["GET"]}}],"collection":[{"href":"https:\/\/diariodelujan.com\/xdeporte\/wp-json\/wp\/v2\/posts"}],"about":[{"href":"https:\/\/diariodelujan.com\/xdeporte\/wp-json\/wp\/v2\/types\/post"}],"author":[{"embeddable":true,"href":"https:\/\/diariodelujan.com\/xdeporte\/wp-json\/wp\/v2\/users\/3"}],"replies":[{"embeddable":true,"href":"https:\/\/diariodelujan.com\/xdeporte\/wp-json\/wp\/v2\/comments?post=14304"}],"version-history":[{"count":1,"href":"https:\/\/diariodelujan.com\/xdeporte\/wp-json\/wp\/v2\/posts\/14304\/revisions"}],"predecessor-version":[{"id":14306,"href":"https:\/\/diariodelujan.com\/xdeporte\/wp-json\/wp\/v2\/posts\/14304\/revisions\/14306"}],"wp:featuredmedia":[{"embeddable":true,"href":"https:\/\/diariodelujan.com\/xdeporte\/wp-json\/wp\/v2\/media\/14305"}],"wp:attachment":[{"href":"https:\/\/diariodelujan.com\/xdeporte\/wp-json\/wp\/v2\/media?parent=14304"}],"wp:term":[{"taxonomy":"category","embeddable":true,"href":"https:\/\/diariodelujan.com\/xdeporte\/wp-json\/wp\/v2\/categories?post=14304"},{"taxonomy":"post_tag","embeddable":true,"href":"https:\/\/diariodelujan.com\/xdeporte\/wp-json\/wp\/v2\/tags?post=14304"}],"curies":[{"name":"wp","href":"https:\/\/api.w.org\/{rel}","templated":true}]}}