{"id":14312,"date":"2024-08-07T13:35:29","date_gmt":"2024-08-07T16:35:29","guid":{"rendered":"https:\/\/diariodelujan.com\/xdeporte\/?p=14312"},"modified":"2024-08-07T19:35:14","modified_gmt":"2024-08-07T22:35:14","slug":"davio-nuevo-dt-de-flandria","status":"publish","type":"post","link":"https:\/\/diariodelujan.com\/xdeporte\/davio-nuevo-dt-de-flandria\/","title":{"rendered":"Santiago Davio: Nuevo Cap\u00edtulo en la Historia de Flandria"},"content":{"rendered":"<p><span style=\"font-family: georgia, palatino, serif; font-size: 14pt;\"><em>En un giro inesperado, la dirigencia del Club Social y Deportivo Flandria ha anunciado la contrataci\u00f3n de Santiago Davio como nuevo entrenador del primer equipo.<\/em><\/span><!--more--><\/p>\n<p>Este movimiento se produce tras la sorpresiva salida de Walter D\u00edaz, quien dej\u00f3 su cargo luego de una derrota contundente ante <a href=\"https:\/\/www.diariodelujan.com\/duro-golpe-para-flandria-en-merlo\/\">Deportivo Merlo<\/a> por 3 a 0.<\/p>\n<h3><strong><span style=\"font-size: 14pt;\">Un Cambio Necesario<\/span><\/strong><\/h3>\n<p>El pasado s\u00e1bado, Flandria, bajo la direcci\u00f3n de D\u00edaz, se enfrent\u00f3 a Deportivo Merlo en el Estadio Jos\u00e9 Manuel Romero. Con la esperanza de conseguir su segunda victoria consecutiva y escalar posiciones en la tabla del Reducido, el equipo se vio superado en todas las l\u00edneas, lo que result\u00f3 en una dolorosa derrota. La ca\u00edda no solo signific\u00f3 la p\u00e9rdida de puntos cruciales, sino que tambi\u00e9n cataliz\u00f3 la salida de D\u00edaz, quien hab\u00eda sido una figura clave en el desarrollo del equipo hasta ese momento.<\/p>\n<p>El domingo, a trav\u00e9s de un comunicado oficial, la dirigencia del club expres\u00f3: <strong>&#8220;Walter D\u00edaz ha dejado de ser el entrenador del plantel profesional<\/strong>&#8220;. Este anuncio dej\u00f3 a la hinchada en suspenso, esperando conocer qui\u00e9n ser\u00eda el sucesor y c\u00f3mo se reestructurar\u00eda el cuerpo t\u00e9cnico.<\/p>\n<h4><strong><span style=\"font-size: 14pt;\">La Llegada de Santiago Davio<\/span><\/strong><\/h4>\n<p>Este martes, la incertidumbre se disip\u00f3 con el anuncio de Santiago Davio como nuevo director t\u00e9cnico. Davio, conocido por su exitoso paso por Defensores Unidos de Z\u00e1rate, equipo al que llev\u00f3 al ascenso a la Primera Nacional en 2022, trae consigo un historial prometedor y una renovada esperanza para los aficionados de <a href=\"https:\/\/clubflandria.com.ar\/\" target=\"_blank\" rel=\"noopener\">Flandria<\/a>.<\/p>\n<p>Davio no llegar\u00e1 solo. Su cuerpo t\u00e9cnico estar\u00e1 conformado por Sebasti\u00e1n Far\u00edas como ayudante de campo y Sebasti\u00e1n Robina e Ignacio Nicol\u00e1s Naveira como preparadores f\u00edsicos. Este equipo comenzar\u00e1 a trabajar de inmediato, con el objetivo de revertir la situaci\u00f3n actual del equipo y llevarlo a la senda del triunfo.<\/p>\n<h5><strong>El Camino de Davio<\/strong><\/h5>\n<p>Santiago Davio no es un nombre desconocido en el mundo del f\u00fatbol. Como jugador, tuvo una carrera destacada, vistiendo las camisetas de varios clubes tanto en Argentina como en el extranjero. Entre ellos se encuentran Villa D\u00e1lmine, CADU, Atlas Caron\u00ed y Zulia en Venezuela, Leandro N. Alem, Deportivo Suchitep\u00e9quez de Guatemala, C. D. Universidad de El Salvador, Sportivo Desamparados, Acassuso y Argentino de Merlo. Se retir\u00f3 en 2018 en Leandro N. Alem, dejando atr\u00e1s una carrera repleta de experiencias y aprendizajes que ahora aplicar\u00e1 desde el banquillo.<\/p>\n<h5><strong>El Debut Ante Laferrere<\/strong><\/h5>\n<p>El debut de Davio como entrenador de Flandria ser\u00e1 este domingo a las 15:00 horas, cuando el equipo reciba a Deportivo Laferrere en el Estadio Carlos V. El encuentro, que ser\u00e1 arbitrado por Jonathan De Oto, representa una oportunidad crucial para que el nuevo t\u00e9cnico demuestre su capacidad de liderazgo y estrategia.<\/p>\n<p><img loading=\"lazy\" decoding=\"async\" class=\" td-modal-image alignnone wp-image-14322 size-full\" src=\"https:\/\/diariodelujan.com\/xdeporte\/wp-content\/uploads\/2024\/08\/Laferrere-Flandria.webp\" alt=\"Laferrere vs. Flandria\" width=\"986\" height=\"778\" title=\"\" srcset=\"https:\/\/diariodelujan.com\/xdeporte\/wp-content\/uploads\/2024\/08\/Laferrere-Flandria.webp 986w, https:\/\/diariodelujan.com\/xdeporte\/wp-content\/uploads\/2024\/08\/Laferrere-Flandria-300x237.webp 300w, https:\/\/diariodelujan.com\/xdeporte\/wp-content\/uploads\/2024\/08\/Laferrere-Flandria-768x606.webp 768w, https:\/\/diariodelujan.com\/xdeporte\/wp-content\/uploads\/2024\/08\/Laferrere-Flandria-532x420.webp 532w, https:\/\/diariodelujan.com\/xdeporte\/wp-content\/uploads\/2024\/08\/Laferrere-Flandria-696x549.webp 696w\" sizes=\"auto, (max-width: 986px) 100vw, 986px\" \/><\/p>\n<p>Los aficionados esperan con ansias ver el impacto inmediato que Davio y su cuerpo t\u00e9cnico puedan tener en el rendimiento del equipo. Con su historial de \u00e9xito y una perspectiva fresca, Santiago Davio llega a Villa Flandria con la misi\u00f3n de revitalizar al equipo y llevarlo de vuelta a los puestos de vanguardia.<\/p>\n<p>El nombramiento de Davio como nuevo entrenador de Flandria marca el comienzo de una nueva era para el club. Con su experiencia y un equipo t\u00e9cnico bien estructurado, la esperanza de los aficionados se renueva. La pr\u00f3xima cita ante Deportivo Laferrere ser\u00e1 el primer paso en este nuevo camino, y todos los ojos estar\u00e1n puestos en el Estadio Carlos V para ver c\u00f3mo se desarrolla esta nueva etapa en la historia de Flandria.<\/p>\n","protected":false},"excerpt":{"rendered":"<p>En un giro inesperado, la dirigencia del Club Social y Deportivo Flandria ha anunciado la contrataci\u00f3n de Santiago Davio como nuevo entrenador del primer equipo.<\/p>\n","protected":false},"author":4,"featured_media":14316,"comment_status":"open","ping_status":"open","sticky":false,"template":"","format":"standard","meta":{"tdm_status":"","tdm_grid_status":"","footnotes":""},"categories":[8,2],"tags":[185,172,173,301],"class_list":{"0":"post-14312","1":"post","2":"type-post","3":"status-publish","4":"format-standard","5":"has-post-thumbnail","7":"category-futbol","8":"category-featured","9":"tag-dt","10":"tag-flandria","11":"tag-futbol","12":"tag-santiago-davio"},"_links":{"self":[{"href":"https:\/\/diariodelujan.com\/xdeporte\/wp-json\/wp\/v2\/posts\/14312","targetHints":{"allow":["GET"]}}],"collection":[{"href":"https:\/\/diariodelujan.com\/xdeporte\/wp-json\/wp\/v2\/posts"}],"about":[{"href":"https:\/\/diariodelujan.com\/xdeporte\/wp-json\/wp\/v2\/types\/post"}],"author":[{"embeddable":true,"href":"https:\/\/diariodelujan.com\/xdeporte\/wp-json\/wp\/v2\/users\/4"}],"replies":[{"embeddable":true,"href":"https:\/\/diariodelujan.com\/xdeporte\/wp-json\/wp\/v2\/comments?post=14312"}],"version-history":[{"count":6,"href":"https:\/\/diariodelujan.com\/xdeporte\/wp-json\/wp\/v2\/posts\/14312\/revisions"}],"predecessor-version":[{"id":14323,"href":"https:\/\/diariodelujan.com\/xdeporte\/wp-json\/wp\/v2\/posts\/14312\/revisions\/14323"}],"wp:featuredmedia":[{"embeddable":true,"href":"https:\/\/diariodelujan.com\/xdeporte\/wp-json\/wp\/v2\/media\/14316"}],"wp:attachment":[{"href":"https:\/\/diariodelujan.com\/xdeporte\/wp-json\/wp\/v2\/media?parent=14312"}],"wp:term":[{"taxonomy":"category","embeddable":true,"href":"https:\/\/diariodelujan.com\/xdeporte\/wp-json\/wp\/v2\/categories?post=14312"},{"taxonomy":"post_tag","embeddable":true,"href":"https:\/\/diariodelujan.com\/xdeporte\/wp-json\/wp\/v2\/tags?post=14312"}],"curies":[{"name":"wp","href":"https:\/\/api.w.org\/{rel}","templated":true}]}}