{"id":14324,"date":"2024-08-07T19:53:06","date_gmt":"2024-08-07T22:53:06","guid":{"rendered":"https:\/\/diariodelujan.com\/xdeporte\/?p=14324"},"modified":"2024-08-07T19:53:22","modified_gmt":"2024-08-07T22:53:22","slug":"regional-de-los-juegos-bonaerenses","status":"publish","type":"post","link":"https:\/\/diariodelujan.com\/xdeporte\/regional-de-los-juegos-bonaerenses\/","title":{"rendered":"La etapa regional de los Juegos Bonaerenses se competir\u00e1 en Luj\u00e1n"},"content":{"rendered":"<p><span style=\"font-family: georgia, palatino, serif; font-size: 14pt;\"><em>El Municipio confirm\u00f3 que la Etapa Regional de los Juegos Bonaerenses 2024 se llevar\u00e1 a cabo en diversas instalaciones de la ciudad de Luj\u00e1n.<\/em><\/span><!--more--><\/p>\n<p>[dropcap]L[\/dropcap]as jornadas de los <a href=\"https:\/\/juegos.gba.gob.ar\/\" target=\"_blank\" rel=\"noopener\">Juegos Bonaerenses<\/a> se desarrollar\u00e1n entre el 30 de julio y el 20 de septiembre.<\/p>\n<p>Para ello, la Escuela de f\u00fatbol Cesar Luis Menotti ser\u00e1 sede de la etapa regional de F\u00fatbol 5 femenino. Mientras que, en el Polideportivo Municipal se disputar\u00e1n competencias de F\u00fatbol Tenis, Badminton Convencional y PCD.<\/p>\n<p>En tanto, las categor\u00edas masculinas sub 14, sub 16 y sub 18, tendr\u00e1n una nueva participaci\u00f3n en las instalaciones de Luj\u00e1n Rugby Club. Por su parte, las categor\u00edas sub 16 y sub 18 femeninas har\u00e1n lo propio, pero en este caso participar\u00e1n en la sede de San Antonio de Areco.<\/p>\n<p>Los deportistas que pasen en esta fase de los <a href=\"https:\/\/www.diariodelujan.com\/etapa-local-de-los-juegos-bonaerenses\/\">Juegos Bonaerenses<\/a>, tendr\u00e1n la posibilidad de disputar la instancia interregional, en la ciudad de Pilar, el 12 y 13 de septiembre.<\/p>\n<p>De all\u00ed, los clasificados viajar\u00e1n a Mar del Plata, del 27 de octubre al 1\u00b0 de noviembre, para participar de la \u00faltima instancia de la competencia deportiva y cultural m\u00e1s importante de la provincia de Buenos Aires.<\/p>\n","protected":false},"excerpt":{"rendered":"<p>El Municipio confirm\u00f3 que la Etapa Regional de los Juegos Bonaerenses 2024 se llevar\u00e1 a cabo en diversas instalaciones de la ciudad de Luj\u00e1n.<\/p>\n","protected":false},"author":4,"featured_media":14325,"comment_status":"open","ping_status":"open","sticky":false,"template":"","format":"standard","meta":{"tdm_status":"","tdm_grid_status":"","footnotes":""},"categories":[17,2],"tags":[302,94],"class_list":{"0":"post-14324","1":"post","2":"type-post","3":"status-publish","4":"format-standard","5":"has-post-thumbnail","7":"category-deportes","8":"category-featured","9":"tag-etapa-regional","10":"tag-juegos-bonaerenses"},"_links":{"self":[{"href":"https:\/\/diariodelujan.com\/xdeporte\/wp-json\/wp\/v2\/posts\/14324","targetHints":{"allow":["GET"]}}],"collection":[{"href":"https:\/\/diariodelujan.com\/xdeporte\/wp-json\/wp\/v2\/posts"}],"about":[{"href":"https:\/\/diariodelujan.com\/xdeporte\/wp-json\/wp\/v2\/types\/post"}],"author":[{"embeddable":true,"href":"https:\/\/diariodelujan.com\/xdeporte\/wp-json\/wp\/v2\/users\/4"}],"replies":[{"embeddable":true,"href":"https:\/\/diariodelujan.com\/xdeporte\/wp-json\/wp\/v2\/comments?post=14324"}],"version-history":[{"count":2,"href":"https:\/\/diariodelujan.com\/xdeporte\/wp-json\/wp\/v2\/posts\/14324\/revisions"}],"predecessor-version":[{"id":14327,"href":"https:\/\/diariodelujan.com\/xdeporte\/wp-json\/wp\/v2\/posts\/14324\/revisions\/14327"}],"wp:featuredmedia":[{"embeddable":true,"href":"https:\/\/diariodelujan.com\/xdeporte\/wp-json\/wp\/v2\/media\/14325"}],"wp:attachment":[{"href":"https:\/\/diariodelujan.com\/xdeporte\/wp-json\/wp\/v2\/media?parent=14324"}],"wp:term":[{"taxonomy":"category","embeddable":true,"href":"https:\/\/diariodelujan.com\/xdeporte\/wp-json\/wp\/v2\/categories?post=14324"},{"taxonomy":"post_tag","embeddable":true,"href":"https:\/\/diariodelujan.com\/xdeporte\/wp-json\/wp\/v2\/tags?post=14324"}],"curies":[{"name":"wp","href":"https:\/\/api.w.org\/{rel}","templated":true}]}}