{"id":14333,"date":"2024-08-09T09:59:46","date_gmt":"2024-08-09T12:59:46","guid":{"rendered":"https:\/\/diariodelujan.com\/xdeporte\/?p=14333"},"modified":"2024-08-09T10:04:15","modified_gmt":"2024-08-09T13:04:15","slug":"provincial-de-slot-en-olavarria","status":"publish","type":"post","link":"https:\/\/diariodelujan.com\/xdeporte\/provincial-de-slot-en-olavarria\/","title":{"rendered":"Pilotos lujanenes compiten hoy en el Provincial de Slot"},"content":{"rendered":"<p><span style=\"font-family: georgia, palatino, serif; font-size: 14pt;\"><em>Este es el magnifico estado que presenta para viernes y s\u00e1bado, la pista del COA Club Olavarriense de Automodelismo donde se disputar\u00e1 una nueva fecha del Campeonato Provincial de Automodelismo Slot.<\/em><\/span><!--more--><\/p>\n<p><em><a href=\"https:\/\/www.diariodelujan.com\/wp-content\/uploads\/2024\/08\/provincial-slot-.webp\"><img loading=\"lazy\" decoding=\"async\" class=\"alignnone size-full wp-image-14613\" src=\"https:\/\/www.diariodelujan.com\/wp-content\/uploads\/2024\/08\/provincial-slot-.webp\" alt=\"provincial slot olavarria\" width=\"900\" height=\"553\" title=\"\"><\/a><\/em><!--more--><\/p>\n<p>[dropcap]E[\/dropcap]sta es la 5ta fecha y participar\u00e1n hoy y ma\u00f1ana pilotos de Luj\u00e1n &#8211; entre ellos Lautaro Etchetto que marcha 1ro en el torneo en la divisional Blindados, junto a Javier Etchetto, ambos representando a la Asociaci\u00f3n Pilotos Automodelismo Luj\u00e1n.<\/p>\n<p><a href=\"https:\/\/www.diariodelujan.com\/wp-content\/uploads\/2024\/08\/provincial-slot-olavarria-fecha-5.webp\"><img loading=\"lazy\" decoding=\"async\" class=\"alignnone size-full wp-image-14614\" src=\"https:\/\/www.diariodelujan.com\/wp-content\/uploads\/2024\/08\/provincial-slot-olavarria-fecha-5.webp\" alt=\"Provincial de Slot\" width=\"900\" height=\"506\" title=\"\"><\/a><\/p>\n<p>En breve ampliaremos la nomina de pilotos locales y los resultados obtenidos.<\/p>\n<p>Consignamos que este importante evento re\u00fane a pilotos del orden provincial y se disputa en 8 fechas participando del mismo las pistas de A.D.A. (Amigos Del Automodelismo Del Viso) , Asociaci\u00f3n Corredores Automodelismo Luj\u00e1n (ACAL), COA (Club Olavarriense de Automodelismo) y A.N.A.S de Necochea.<\/p>\n<p>La pista para este Provincial de slot, se encuentra en Coronel Su\u00e1rez y Avda. Pringles pegadito a las v\u00edas en el centro de la ciudad de Olavarr\u00eda.<\/p>\n<p>Para m\u00e1s exactitud consultar el <a href=\"https:\/\/maps.app.goo.gl\/EhXJ2usC7kggmwEVA\" target=\"_blank\" rel=\"noopener\">GPS<\/a><\/p>\n<p><em>Nota Ricardo Vega<\/em><br \/>\n<em>Servicio de prensa<\/em><br \/>\n<em>Contracto 67036196<\/em><\/p>\n","protected":false},"excerpt":{"rendered":"<p>Este es el magnifico estado que presenta para viernes y s\u00e1bado, la pista del COA Club Olavarriense de Automodelismo donde se disputar\u00e1 una nueva fecha del Campeonato Provincial de Automodelismo Slot.<\/p>\n","protected":false},"author":4,"featured_media":14335,"comment_status":"open","ping_status":"open","sticky":false,"template":"","format":"standard","meta":{"tdm_status":"","tdm_grid_status":"","footnotes":""},"categories":[20,2],"tags":[304,303,277,21],"class_list":{"0":"post-14333","1":"post","2":"type-post","3":"status-publish","4":"format-standard","5":"has-post-thumbnail","7":"category-automodelismo","8":"category-featured","9":"tag-compiten","10":"tag-pilotos-lujanenes","11":"tag-provincial","12":"tag-slot"},"_links":{"self":[{"href":"https:\/\/diariodelujan.com\/xdeporte\/wp-json\/wp\/v2\/posts\/14333","targetHints":{"allow":["GET"]}}],"collection":[{"href":"https:\/\/diariodelujan.com\/xdeporte\/wp-json\/wp\/v2\/posts"}],"about":[{"href":"https:\/\/diariodelujan.com\/xdeporte\/wp-json\/wp\/v2\/types\/post"}],"author":[{"embeddable":true,"href":"https:\/\/diariodelujan.com\/xdeporte\/wp-json\/wp\/v2\/users\/4"}],"replies":[{"embeddable":true,"href":"https:\/\/diariodelujan.com\/xdeporte\/wp-json\/wp\/v2\/comments?post=14333"}],"version-history":[{"count":3,"href":"https:\/\/diariodelujan.com\/xdeporte\/wp-json\/wp\/v2\/posts\/14333\/revisions"}],"predecessor-version":[{"id":14337,"href":"https:\/\/diariodelujan.com\/xdeporte\/wp-json\/wp\/v2\/posts\/14333\/revisions\/14337"}],"wp:featuredmedia":[{"embeddable":true,"href":"https:\/\/diariodelujan.com\/xdeporte\/wp-json\/wp\/v2\/media\/14335"}],"wp:attachment":[{"href":"https:\/\/diariodelujan.com\/xdeporte\/wp-json\/wp\/v2\/media?parent=14333"}],"wp:term":[{"taxonomy":"category","embeddable":true,"href":"https:\/\/diariodelujan.com\/xdeporte\/wp-json\/wp\/v2\/categories?post=14333"},{"taxonomy":"post_tag","embeddable":true,"href":"https:\/\/diariodelujan.com\/xdeporte\/wp-json\/wp\/v2\/tags?post=14333"}],"curies":[{"name":"wp","href":"https:\/\/api.w.org\/{rel}","templated":true}]}}