{"id":14338,"date":"2024-08-09T12:23:12","date_gmt":"2024-08-09T15:23:12","guid":{"rendered":"https:\/\/diariodelujan.com\/xdeporte\/?p=14338"},"modified":"2024-08-18T10:39:03","modified_gmt":"2024-08-18T13:39:03","slug":"la-hazana-de-candelaria-sequeira","status":"publish","type":"post","link":"https:\/\/diariodelujan.com\/xdeporte\/la-hazana-de-candelaria-sequeira\/","title":{"rendered":"La haza\u00f1a de Candelaria Sequeira en el Descenso del Sella"},"content":{"rendered":"<p><span style=\"font-family: georgia, palatino, serif; font-size: 14pt;\"><em>Candelaria Sequeira contin\u00faa cosechando \u00e9xitos en su carrera deportiva, y esta vez lo hizo en la emblem\u00e1tica competencia de Europa: el <strong>Descenso Internacional del Sella.<\/strong><\/em> <\/span><!--more--><\/p>\n<p><strong>C<\/strong>on un tiempo de 1h35m33s, Sequeira no solo se adjudic\u00f3 la victoria en la categor\u00eda Sub23, sino que tambi\u00e9n logr\u00f3 un impresionante s\u00e9ptimo lugar en la clasificaci\u00f3n general de Damas Individuales, consolid\u00e1ndose como una de las grandes promesas del canotaje argentino.<\/p>\n<p>La competici\u00f3n, celebrada en el pintoresco escenario natural de Asturias, Espa\u00f1a, es reconocida mundialmente por su tradici\u00f3n y la magnitud del evento. Conocido como Las Piraguas o Les Pirag\u00fces en asturiano, el<a href=\"https:\/\/www.descensodelsella.com\/\" target=\"_blank\" rel=\"noopener\"> Descenso del Sella<\/a> no es solo una carrera, sino una aut\u00e9ntica fiesta deportiva que atrae a cientos de palistas de todo el mundo. Este a\u00f1o, en su 86\u00aa edici\u00f3n, m\u00e1s de 800 embarcaciones participaron en la prueba, que abarc\u00f3 un recorrido de 20 kil\u00f3metros entre las localidades de Arriondas y Ribadesella, a lo largo del r\u00edo Sella.<\/p>\n<p>La carrera, organizada por la <a href=\"https:\/\/rfep.es\/\" target=\"_blank\" rel=\"noopener\">Federaci\u00f3n Espa\u00f1ola de Pirag\u00fcismo<\/a> en conjunto con el Comit\u00e9 Organizador del Descenso Internacional del Sella y la Federaci\u00f3n de Pirag\u00fcismo del Principado de Asturias, es un evento de gran relevancia cultural y tur\u00edstica, siendo declarada Fiesta de Inter\u00e9s Tur\u00edstico Internacional. Este prestigio no solo se debe a la competici\u00f3n en s\u00ed, sino tambi\u00e9n al ambiente festivo y la m\u00edstica que rodea a la prueba, donde miles de personas se congregan a lo largo del r\u00edo para animar a los palistas y disfrutar de la celebraci\u00f3n.<\/p>\n<p>El desempe\u00f1o de Sequeira en esta exigente competencia no es una sorpresa para quienes han seguido de cerca su carrera. Recientemente, la palista se destac\u00f3 en el Campeonato Mundial de <a href=\"https:\/\/www.diariodelujan.com\/la-lujanense-candelaria-sequeira-consiguio-la-medalla-de-bronce\/\">Canotaje<\/a> en Bulgaria, donde obtuvo una medalla de plata en la modalidad K1 5000 metros mixto junto a Bautista Itr\u00eda. Este logro, sumado a su actuaci\u00f3n en el Descenso del Sella, demuestra no solo su talento innato, sino tambi\u00e9n su capacidad para competir al m\u00e1s alto nivel en distintos formatos y condiciones.<\/p>\n<p><a href=\"https:\/\/www.diariodelujan.com\/wp-content\/uploads\/2024\/08\/Descenso-del-Alto-Sella-.webp\"><img loading=\"lazy\" decoding=\"async\" class=\"alignnone size-full wp-image-14626\" src=\"https:\/\/www.diariodelujan.com\/wp-content\/uploads\/2024\/08\/Descenso-del-Alto-Sella-.webp\" alt=\"Descenso del Alto Sella Sequeira\" width=\"900\" height=\"605\" title=\"\"><\/a><\/p>\n<p>El Descenso del Sella es conocido por sus desaf\u00edos \u00fanicos, que van m\u00e1s all\u00e1 de la mera resistencia f\u00edsica. La carrera comienza de manera singular: los competidores se alinean en la orilla del r\u00edo con sus palas bloqueadas en una estructura met\u00e1lica, y solo cuando el sem\u00e1foro pasa de rojo a verde pueden liberarlas, correr hacia sus embarcaciones y lanzarse al agua. Es un espect\u00e1culo lleno de adrenalina que pone a prueba la rapidez, la t\u00e9cnica y la estrategia de los palistas.<\/p>\n<p>En este contexto, el triunfo de Sequeira en la categor\u00eda Sub23 no solo subraya su excelente condici\u00f3n f\u00edsica y mental, sino tambi\u00e9n su capacidad para adaptarse a las caracter\u00edsticas de esta particular competici\u00f3n. El hecho de que tambi\u00e9n haya alcanzado un s\u00e9ptimo puesto en la clasificaci\u00f3n general de Damas Individuales es una muestra clara de su competitividad frente a palistas de mayor experiencia y trayectoria.<\/p>\n<p>Desde el <a href=\"https:\/\/clubeltimon.com.ar\/\" target=\"_blank\" rel=\"noopener\">Club N\u00e1utico &#8220;El Tim\u00f3n&#8221;<\/a>, la instituci\u00f3n a la que pertenece, no tardaron en reconocer la magnitud del logro de Sequeira. <strong>&#8220;Esta es una competencia muy pintoresca, complicada y que se convierte en una gran fiesta en toda la regi\u00f3n, asistiendo palistas de todo el mundo. Felicitaciones Candelaria, fue un hermoso cierre a tu gran actuaci\u00f3n en el mundial&#8221;<\/strong>, expresaron con orgullo.<\/p>\n<p>La actuaci\u00f3n de Candelaria Sequeira en el Descenso del Sella reafirma su estatus como una de las grandes figuras emergentes del canotaje argentino y mundial. Su capacidad para brillar en competencias de alto nivel en distintos pa\u00edses es un testimonio de su dedicaci\u00f3n, disciplina y pasi\u00f3n por el deporte. Sin lugar a dudas, su futuro en el canotaje es prometedor, y su nombre continuar\u00e1 resonando en las aguas de las principales competiciones internacionales.<\/p>\n<p>Este triunfo no es solo un logro personal para Sequeira, sino tambi\u00e9n un motivo de orgullo para todo el deporte argentino, que sigue produciendo talentos capaces de destacarse en escenarios tan prestigiosos como el Descenso del Sella. Con su esp\u00edritu competitivo y su incansable b\u00fasqueda de la excelencia, Candelaria no solo ha conquistado el Sella, sino que ha dejado una marca imborrable en la historia del canotaje.<\/p>\n","protected":false},"excerpt":{"rendered":"<p>Candelaria Sequeira contin\u00faa cosechando \u00e9xitos en su carrera deportiva, y esta vez lo hizo en la emblem\u00e1tica competencia de Europa: el Descenso Internacional del Sella.<\/p>\n","protected":false},"author":4,"featured_media":14341,"comment_status":"closed","ping_status":"open","sticky":false,"template":"","format":"standard","meta":{"tdm_status":"","tdm_grid_status":"","footnotes":""},"categories":[255,2],"tags":[260,305,306],"class_list":{"0":"post-14338","1":"post","2":"type-post","3":"status-publish","4":"format-standard","5":"has-post-thumbnail","7":"category-canotaje","8":"category-featured","9":"tag-canotaje","10":"tag-rio-sella","11":"tag-sequeira"},"_links":{"self":[{"href":"https:\/\/diariodelujan.com\/xdeporte\/wp-json\/wp\/v2\/posts\/14338","targetHints":{"allow":["GET"]}}],"collection":[{"href":"https:\/\/diariodelujan.com\/xdeporte\/wp-json\/wp\/v2\/posts"}],"about":[{"href":"https:\/\/diariodelujan.com\/xdeporte\/wp-json\/wp\/v2\/types\/post"}],"author":[{"embeddable":true,"href":"https:\/\/diariodelujan.com\/xdeporte\/wp-json\/wp\/v2\/users\/4"}],"replies":[{"embeddable":true,"href":"https:\/\/diariodelujan.com\/xdeporte\/wp-json\/wp\/v2\/comments?post=14338"}],"version-history":[{"count":6,"href":"https:\/\/diariodelujan.com\/xdeporte\/wp-json\/wp\/v2\/posts\/14338\/revisions"}],"predecessor-version":[{"id":14345,"href":"https:\/\/diariodelujan.com\/xdeporte\/wp-json\/wp\/v2\/posts\/14338\/revisions\/14345"}],"wp:featuredmedia":[{"embeddable":true,"href":"https:\/\/diariodelujan.com\/xdeporte\/wp-json\/wp\/v2\/media\/14341"}],"wp:attachment":[{"href":"https:\/\/diariodelujan.com\/xdeporte\/wp-json\/wp\/v2\/media?parent=14338"}],"wp:term":[{"taxonomy":"category","embeddable":true,"href":"https:\/\/diariodelujan.com\/xdeporte\/wp-json\/wp\/v2\/categories?post=14338"},{"taxonomy":"post_tag","embeddable":true,"href":"https:\/\/diariodelujan.com\/xdeporte\/wp-json\/wp\/v2\/tags?post=14338"}],"curies":[{"name":"wp","href":"https:\/\/api.w.org\/{rel}","templated":true}]}}