{"id":1434,"date":"2023-11-04T16:48:15","date_gmt":"2023-11-04T19:48:15","guid":{"rendered":"https:\/\/www.diariodelujan.com\/?p=1434"},"modified":"2023-11-04T16:48:15","modified_gmt":"2023-11-04T19:48:15","slug":"lujan-cayo-ante-monte-grande-en-un-partido-parejo","status":"publish","type":"post","link":"https:\/\/diariodelujan.com\/xdeporte\/lujan-cayo-ante-monte-grande-en-un-partido-parejo\/","title":{"rendered":"Luj\u00e1n cay\u00f3 ante Monte Grande en un partido parejo"},"content":{"rendered":"<p><span style=\"font-family: georgia, palatino, serif; font-size: 14pt;\"><em>En una semifinal muy pareja, Luj\u00e1n cay\u00f3 ante Monte Grande por 25 a 21. Los dirigidos por Petoello le plantaron un buen partido al due\u00f1o de casa, quien jugar\u00e1 la final por el ascenso a la Primera B.<\/em><\/span><br \/>\n<!--more--><\/p>\n<p>[dropcap]E[\/dropcap]l quince de Luj\u00e1n cay\u00f3 ante Monte Grande en la semifinal de playoff, en un partido ag\u00f3nico con incertidumbre hasta los \u00faltimos minutos.<\/p>\n<p>El partido arranc\u00f3 a favor del local, con un penal que puso a Monte Grande arriba por 3 puntos. M\u00e1s tarde, el capit\u00e1n de Luj\u00e1n, Brancatto, igual\u00f3 el encuentro por medio de penal.<\/p>\n<p>El primer try de la tarde fue para Luj\u00e1n, a trav\u00e9s de una jugada preparada entre Brancatto y Giordano, para que este \u00faltimo anote el try y Brancatto lo convierta el tiro a postes.<\/p>\n<p>Antes del entretiempo, el due\u00f1o de casa anot\u00f3 un penal para achicar la diferencia a 6-10.<\/p>\n<p>A poco de empezar la segunda mitad, el conjunto visitante aument\u00f3 la diferencia por medio de penal. Sin embargo, el primer try convertido de Monte Grande le permitir\u00eda igualar el marcador 13-13.<\/p>\n<p>Un nuevo penal para Luj\u00e1n lo puso de nuevo en ventaja. No obstante, un segundo try convertido del local puso presi\u00f3n en la visita, que ahora perd\u00eda 20-16.<\/p>\n<p>A los 28 minutos de juego, una intercepci\u00f3n de Magalhaes lo habilit\u00f3 para quedar sin obst\u00e1culos hasta el ingoal de Monte Grande y puso al Lujanero nuevamente arriba en el marcador, 20-21.<\/p>\n<p>A 3 minutos del final, el local demostr\u00f3 destreza superior a la defensa de Luj\u00e1n y dio vuelta el resultado con un \u00faltimo try. Con menos de 2 minutos por jugar, Luj\u00e1n no pudo vulnerar el ingoal del rival y la excelente campa\u00f1a de los Lujaneros termina con un gran partido.<\/p>\n","protected":false},"excerpt":{"rendered":"<p>En una semifinal muy pareja, Luj\u00e1n cay\u00f3 ante Monte Grande por 25 a 21. Los dirigidos por Petoello le plantaron un buen partido al due\u00f1o de casa, quien jugar\u00e1 la final por el ascenso a la Primera B.<\/p>\n","protected":false},"author":3,"featured_media":1442,"comment_status":"closed","ping_status":"closed","sticky":false,"template":"","format":"standard","meta":{"tdm_status":"","tdm_grid_status":"","footnotes":""},"categories":[1],"tags":[114,117,123,124,22,116,125],"class_list":{"0":"post-1434","1":"post","2":"type-post","3":"status-publish","4":"format-standard","5":"has-post-thumbnail","7":"category-rugby","8":"tag-lrc","9":"tag-lujan","10":"tag-monte-grande","11":"tag-playoff","12":"tag-promocion","13":"tag-rugby","14":"tag-semifinal"},"_links":{"self":[{"href":"https:\/\/diariodelujan.com\/xdeporte\/wp-json\/wp\/v2\/posts\/1434","targetHints":{"allow":["GET"]}}],"collection":[{"href":"https:\/\/diariodelujan.com\/xdeporte\/wp-json\/wp\/v2\/posts"}],"about":[{"href":"https:\/\/diariodelujan.com\/xdeporte\/wp-json\/wp\/v2\/types\/post"}],"author":[{"embeddable":true,"href":"https:\/\/diariodelujan.com\/xdeporte\/wp-json\/wp\/v2\/users\/3"}],"replies":[{"embeddable":true,"href":"https:\/\/diariodelujan.com\/xdeporte\/wp-json\/wp\/v2\/comments?post=1434"}],"version-history":[{"count":0,"href":"https:\/\/diariodelujan.com\/xdeporte\/wp-json\/wp\/v2\/posts\/1434\/revisions"}],"wp:featuredmedia":[{"embeddable":true,"href":"https:\/\/diariodelujan.com\/xdeporte\/wp-json\/wp\/v2\/media\/1442"}],"wp:attachment":[{"href":"https:\/\/diariodelujan.com\/xdeporte\/wp-json\/wp\/v2\/media?parent=1434"}],"wp:term":[{"taxonomy":"category","embeddable":true,"href":"https:\/\/diariodelujan.com\/xdeporte\/wp-json\/wp\/v2\/categories?post=1434"},{"taxonomy":"post_tag","embeddable":true,"href":"https:\/\/diariodelujan.com\/xdeporte\/wp-json\/wp\/v2\/tags?post=1434"}],"curies":[{"name":"wp","href":"https:\/\/api.w.org\/{rel}","templated":true}]}}