{"id":14365,"date":"2024-08-10T11:58:14","date_gmt":"2024-08-10T14:58:14","guid":{"rendered":"https:\/\/diariodelujan.com\/xdeporte\/?p=14365"},"modified":"2024-08-18T10:38:58","modified_gmt":"2024-08-18T13:38:58","slug":"dualon-en-lujan","status":"publish","type":"post","link":"https:\/\/diariodelujan.com\/xdeporte\/dualon-en-lujan\/","title":{"rendered":"Se correr\u00e1 en Luj\u00e1n una nueva fecha de Duatl\u00f3n"},"content":{"rendered":"<p><span style=\"font-family: georgia, palatino, serif; font-size: 14pt;\"><em>Luj\u00e1n volver\u00e1s a ser sede de una nueva fecha de Duatl\u00f3n que organiza Lagos de Buenos Aires y se llevar\u00e1 a cabo el s\u00e1bado 17 de agosto.<\/em><\/span> <!--more--><\/p>\n<p>[dropcap]C[\/dropcap]on la presencia de referentes importantes del pa\u00eds de pruebas combinadas, la nueva jornada se desarrollar\u00e1 desde el puente 25 de Mayo, colectora Sur, en el tramo que comprende el barrio Loreto de la localidad de J\u00e1uregui y el barrio Luna.<\/p>\n<p><a href=\"https:\/\/diariodelujan.com\/xdeporte\/wp-content\/uploads\/2024\/08\/Duatlon-Lagos-de-Buenos-Aires.webp\"><img loading=\"lazy\" decoding=\"async\" class=\"alignnone size-full wp-image-14369\" src=\"https:\/\/diariodelujan.com\/xdeporte\/wp-content\/uploads\/2024\/08\/Duatlon-Lagos-de-Buenos-Aires.webp\" alt=\"Nueva fecha de Duatl\u00f3n\" width=\"1066\" height=\"964\" title=\"\" srcset=\"https:\/\/diariodelujan.com\/xdeporte\/wp-content\/uploads\/2024\/08\/Duatlon-Lagos-de-Buenos-Aires.webp 1066w, https:\/\/diariodelujan.com\/xdeporte\/wp-content\/uploads\/2024\/08\/Duatlon-Lagos-de-Buenos-Aires-300x271.webp 300w, https:\/\/diariodelujan.com\/xdeporte\/wp-content\/uploads\/2024\/08\/Duatlon-Lagos-de-Buenos-Aires-1024x926.webp 1024w, https:\/\/diariodelujan.com\/xdeporte\/wp-content\/uploads\/2024\/08\/Duatlon-Lagos-de-Buenos-Aires-768x695.webp 768w, https:\/\/diariodelujan.com\/xdeporte\/wp-content\/uploads\/2024\/08\/Duatlon-Lagos-de-Buenos-Aires-464x420.webp 464w, https:\/\/diariodelujan.com\/xdeporte\/wp-content\/uploads\/2024\/08\/Duatlon-Lagos-de-Buenos-Aires-696x629.webp 696w\" sizes=\"auto, (max-width: 1066px) 100vw, 1066px\" \/><\/a><\/p>\n<h4><strong>Duatl\u00f3n en Luj\u00e1n<\/strong><\/h4>\n<p>La competencia que largar\u00e1 a las 15 horas, se realizar\u00e1 en dos instancias:<\/p>\n<p>-Dua Largo: 6 kil\u00f3metros de pedestrismo (carrera a pie), 30 kil\u00f3metros de ciclismo y 3 kil\u00f3metros de pedestrismo.<\/p>\n<p>-Dua Corto: 3 kil\u00f3metros de pedestrismo, 10 kil\u00f3metros de ciclismo y 1 kil\u00f3metro de pedestrismo.<\/p>\n<p>Adem\u00e1s, habr\u00e1 una prueba para los m\u00e1s peque\u00f1os.<\/p>\n<p>Quienes quieran participar o recibir mayor informaci\u00f3n acerca de su modalidad o aranceles, deber\u00e1n ingresar a <a href=\"https:\/\/lagosdebsas.ar\/\" target=\"_blank\" rel=\"noopener\">https:\/\/lagosdebsas.ar\/<\/a>. Para despejar dudas o consultas, podr\u00e1n enviar un mensaje de WhatsApp al 2323 449071.<\/p>\n","protected":false},"excerpt":{"rendered":"<p>Luj\u00e1n volver\u00e1s a ser sede de una nueva fecha de Duatl\u00f3n que organiza Lagos de Buenos Aires y se llevar\u00e1 a cabo el s\u00e1bado 17 de agosto.<\/p>\n","protected":false},"author":4,"featured_media":14366,"comment_status":"closed","ping_status":"open","sticky":false,"template":"","format":"standard","meta":{"tdm_status":"","tdm_grid_status":"","footnotes":""},"categories":[112,2],"tags":[309,117],"class_list":{"0":"post-14365","1":"post","2":"type-post","3":"status-publish","4":"format-standard","5":"has-post-thumbnail","7":"category-atletismo","8":"category-featured","9":"tag-duatlon","10":"tag-lujan"},"_links":{"self":[{"href":"https:\/\/diariodelujan.com\/xdeporte\/wp-json\/wp\/v2\/posts\/14365","targetHints":{"allow":["GET"]}}],"collection":[{"href":"https:\/\/diariodelujan.com\/xdeporte\/wp-json\/wp\/v2\/posts"}],"about":[{"href":"https:\/\/diariodelujan.com\/xdeporte\/wp-json\/wp\/v2\/types\/post"}],"author":[{"embeddable":true,"href":"https:\/\/diariodelujan.com\/xdeporte\/wp-json\/wp\/v2\/users\/4"}],"replies":[{"embeddable":true,"href":"https:\/\/diariodelujan.com\/xdeporte\/wp-json\/wp\/v2\/comments?post=14365"}],"version-history":[{"count":4,"href":"https:\/\/diariodelujan.com\/xdeporte\/wp-json\/wp\/v2\/posts\/14365\/revisions"}],"predecessor-version":[{"id":14371,"href":"https:\/\/diariodelujan.com\/xdeporte\/wp-json\/wp\/v2\/posts\/14365\/revisions\/14371"}],"wp:featuredmedia":[{"embeddable":true,"href":"https:\/\/diariodelujan.com\/xdeporte\/wp-json\/wp\/v2\/media\/14366"}],"wp:attachment":[{"href":"https:\/\/diariodelujan.com\/xdeporte\/wp-json\/wp\/v2\/media?parent=14365"}],"wp:term":[{"taxonomy":"category","embeddable":true,"href":"https:\/\/diariodelujan.com\/xdeporte\/wp-json\/wp\/v2\/categories?post=14365"},{"taxonomy":"post_tag","embeddable":true,"href":"https:\/\/diariodelujan.com\/xdeporte\/wp-json\/wp\/v2\/tags?post=14365"}],"curies":[{"name":"wp","href":"https:\/\/api.w.org\/{rel}","templated":true}]}}