{"id":14388,"date":"2024-08-10T20:27:25","date_gmt":"2024-08-10T23:27:25","guid":{"rendered":"https:\/\/diariodelujan.com\/xdeporte\/?p=14388"},"modified":"2024-08-18T10:38:53","modified_gmt":"2024-08-18T13:38:53","slug":"flandria-quiere-volver-al-triunfo","status":"publish","type":"post","link":"https:\/\/diariodelujan.com\/xdeporte\/flandria-quiere-volver-al-triunfo\/","title":{"rendered":"Con T\u00e9cnico nuevo: Flandria quiere volver al triunfo contra Laferrere"},"content":{"rendered":"<p><span style=\"font-family: georgia, palatino, serif; font-size: 14pt;\"><em>Este domingo, Flandria debuta DT ante Laferrere en el Carlos V, con el objetivo de dejar atr\u00e1s la dolorosa derrota ante Merlo.<\/em><\/span><\/p>\n<p><!--more--><\/p>\n<p><a href=\"https:\/\/www.facebook.com\/ClubsydFlandria\" target=\"_blank\" rel=\"noopener\">Flandria<\/a> y <em>Lafe<\/em> vienen de sufrir derrotas que los alejaron de la pelea por el reducido. Este domingo, a las 15, se enfrentan en el Carlos V con la mirada en los tres puntos.<\/p>\n<h4><strong>Como llegan Flandria y Laferrere<\/strong><\/h4>\n<p><a href=\"https:\/\/diariodelujan.com\/xdeporte\/duro-golpe-para-flandria-en-merlo\/\" target=\"_blank\" rel=\"noopener\"><em>El Canario<\/em> fue goleado por Deportivo Merlo 3 a 0<\/a> en la fecha pasada y la dirigencia del club notific\u00f3 a los hinchas de la desafiliaci\u00f3n de Walter D\u00edaz como DT del equipo. Luego, se confirm\u00f3 la contrataci\u00f3n de Santiago Davio, quien debutar\u00e1 ante <em>el Verde<\/em> como nuevo T\u00e9cnico.<\/p>\n<p>El equipo visitante tambi\u00e9n pasa por un mal momento. Su \u00faltima victoria frente a Liniers en la fecha 5 qued\u00f3 atr\u00e1s y desde entonces cosech\u00f3 2 empates sin goles contra Argentino de Merlo e Italiano y una derrota contra Villa San Carlos por 2 a 1. Para cortar esta racha, buscar\u00e1 quitarle los tres puntos al <em>Canario<\/em> en su casa.<\/p>\n","protected":false},"excerpt":{"rendered":"<p>Este domingo, Flandria debuta DT ante Laferrere en el Carlos V, con el objetivo de dejar atr\u00e1s la dolorosa derrota ante Merlo.<\/p>\n","protected":false},"author":3,"featured_media":14390,"comment_status":"closed","ping_status":"open","sticky":false,"template":"","format":"standard","meta":{"tdm_status":"","tdm_grid_status":"","footnotes":""},"categories":[2,8],"tags":[171,172,173,210,198],"class_list":{"0":"post-14388","1":"post","2":"type-post","3":"status-publish","4":"format-standard","5":"has-post-thumbnail","7":"category-featured","8":"category-futbol","9":"tag-canario","10":"tag-flandria","11":"tag-futbol","12":"tag-laferrere","13":"tag-primera-b"},"_links":{"self":[{"href":"https:\/\/diariodelujan.com\/xdeporte\/wp-json\/wp\/v2\/posts\/14388","targetHints":{"allow":["GET"]}}],"collection":[{"href":"https:\/\/diariodelujan.com\/xdeporte\/wp-json\/wp\/v2\/posts"}],"about":[{"href":"https:\/\/diariodelujan.com\/xdeporte\/wp-json\/wp\/v2\/types\/post"}],"author":[{"embeddable":true,"href":"https:\/\/diariodelujan.com\/xdeporte\/wp-json\/wp\/v2\/users\/3"}],"replies":[{"embeddable":true,"href":"https:\/\/diariodelujan.com\/xdeporte\/wp-json\/wp\/v2\/comments?post=14388"}],"version-history":[{"count":2,"href":"https:\/\/diariodelujan.com\/xdeporte\/wp-json\/wp\/v2\/posts\/14388\/revisions"}],"predecessor-version":[{"id":14391,"href":"https:\/\/diariodelujan.com\/xdeporte\/wp-json\/wp\/v2\/posts\/14388\/revisions\/14391"}],"wp:featuredmedia":[{"embeddable":true,"href":"https:\/\/diariodelujan.com\/xdeporte\/wp-json\/wp\/v2\/media\/14390"}],"wp:attachment":[{"href":"https:\/\/diariodelujan.com\/xdeporte\/wp-json\/wp\/v2\/media?parent=14388"}],"wp:term":[{"taxonomy":"category","embeddable":true,"href":"https:\/\/diariodelujan.com\/xdeporte\/wp-json\/wp\/v2\/categories?post=14388"},{"taxonomy":"post_tag","embeddable":true,"href":"https:\/\/diariodelujan.com\/xdeporte\/wp-json\/wp\/v2\/tags?post=14388"}],"curies":[{"name":"wp","href":"https:\/\/api.w.org\/{rel}","templated":true}]}}