{"id":14392,"date":"2024-08-11T18:18:03","date_gmt":"2024-08-11T21:18:03","guid":{"rendered":"https:\/\/diariodelujan.com\/xdeporte\/?p=14392"},"modified":"2024-08-18T10:38:51","modified_gmt":"2024-08-18T13:38:51","slug":"derrota-hockey-lujan-rc","status":"publish","type":"post","link":"https:\/\/diariodelujan.com\/xdeporte\/derrota-hockey-lujan-rc\/","title":{"rendered":"Doble derrota para el Hockey femenino del Lujan RC"},"content":{"rendered":"<p><span style=\"font-family: georgia, palatino, serif; font-size: 14pt;\"><em>Doble derrota Hockey femenino del Lujan RC en casa para el equipo B y otra dolorosa derrota para el equipo A.<\/em><\/span><!--more--><\/p>\n<p>[dropcap]U[\/dropcap]n s\u00e1bado para el olvido para los representativos femeninos Azul, Celeste y Blanco en el regreso del receso de invierno.<\/p>\n<p>En este sentido, el equipo B fue superado en su casa por Santa B\u00e1rbara F por 1 a 0 con tanto de Mar\u00eda Bel\u00e9n Falchi para la visita.<\/p>\n<p>De esta manera las dirigidas por Agust\u00edn Arostegui Riemersma se perdieron una buena oportunidad para continuar escalando posiciones en la Zona 3 del Torneo de la Primera Divisi\u00f3n F donde por ahora se mantienen en el promedio de la tabla.<\/p>\n<p>En la pr\u00f3xima fecha, las capitaneadas por Agustina Aguas, deber\u00e1n enfrentar a San Fernando que en estas horas se encuentran en el fondo de la tabla de posiciones.<\/p>\n<p>Por su parte, en el marco del Torneo de la Primera Divisi\u00f3n D, Zona 4,\u00a0<a href=\"https:\/\/www.diariodelujan.com\/tarde-ideal-para-el-hockey-femenino\/\">Luj\u00e1n Rugby Club<\/a> A viaj\u00f3 a Pilar para enfrentarse a Deportivo La Francesa.<\/p>\n<p>La visita ven\u00eda de imponerse a Los Matreros en la \u00faltima fecha antes del descanso invernal, por 1 a 0, pero la fecha 3 no fue buena para las capitaneadas por Florencia Benavidez se quedaran con un triunfo que se les escap\u00f3 de las manos.<\/p>\n<p>En Pilar, Constanza Cort\u00e9s Spena fue la encargada de los 2 tantos lujanenses que fueron superados por el 3 a 2 final a favor de las pilarenses.<\/p>\n<p>en la pr\u00f3xima fecha, el equipo A, bajo la direcci\u00f3n de Nicol\u00e1s Alfonso se medir\u00e1 en el predio de La Loma ante Quilmes High School Hockey Club l\u00ednea B (QSH)<\/p>\n","protected":false},"excerpt":{"rendered":"<p>Doble derrota Hockey femenino del Lujan RC en casa para el equipo B y otra dolorosa derrota para el equipo A.<\/p>\n","protected":false},"author":4,"featured_media":14362,"comment_status":"closed","ping_status":"open","sticky":false,"template":"","format":"standard","meta":{"tdm_status":"","tdm_grid_status":"","footnotes":""},"categories":[9,2],"tags":[243,152,114],"class_list":{"0":"post-14392","1":"post","2":"type-post","3":"status-publish","4":"format-standard","5":"has-post-thumbnail","7":"category-hockey","8":"category-featured","9":"tag-derrota","10":"tag-hockey","11":"tag-lrc"},"_links":{"self":[{"href":"https:\/\/diariodelujan.com\/xdeporte\/wp-json\/wp\/v2\/posts\/14392","targetHints":{"allow":["GET"]}}],"collection":[{"href":"https:\/\/diariodelujan.com\/xdeporte\/wp-json\/wp\/v2\/posts"}],"about":[{"href":"https:\/\/diariodelujan.com\/xdeporte\/wp-json\/wp\/v2\/types\/post"}],"author":[{"embeddable":true,"href":"https:\/\/diariodelujan.com\/xdeporte\/wp-json\/wp\/v2\/users\/4"}],"replies":[{"embeddable":true,"href":"https:\/\/diariodelujan.com\/xdeporte\/wp-json\/wp\/v2\/comments?post=14392"}],"version-history":[{"count":2,"href":"https:\/\/diariodelujan.com\/xdeporte\/wp-json\/wp\/v2\/posts\/14392\/revisions"}],"predecessor-version":[{"id":14394,"href":"https:\/\/diariodelujan.com\/xdeporte\/wp-json\/wp\/v2\/posts\/14392\/revisions\/14394"}],"wp:featuredmedia":[{"embeddable":true,"href":"https:\/\/diariodelujan.com\/xdeporte\/wp-json\/wp\/v2\/media\/14362"}],"wp:attachment":[{"href":"https:\/\/diariodelujan.com\/xdeporte\/wp-json\/wp\/v2\/media?parent=14392"}],"wp:term":[{"taxonomy":"category","embeddable":true,"href":"https:\/\/diariodelujan.com\/xdeporte\/wp-json\/wp\/v2\/categories?post=14392"},{"taxonomy":"post_tag","embeddable":true,"href":"https:\/\/diariodelujan.com\/xdeporte\/wp-json\/wp\/v2\/tags?post=14392"}],"curies":[{"name":"wp","href":"https:\/\/api.w.org\/{rel}","templated":true}]}}