{"id":14395,"date":"2024-08-11T20:02:01","date_gmt":"2024-08-11T23:02:01","guid":{"rendered":"https:\/\/diariodelujan.com\/xdeporte\/?p=14395"},"modified":"2024-08-18T10:38:50","modified_gmt":"2024-08-18T13:38:50","slug":"flandria-goleo-a-lafe","status":"publish","type":"post","link":"https:\/\/diariodelujan.com\/xdeporte\/flandria-goleo-a-lafe\/","title":{"rendered":"En el debut de su DT, Flandria gole\u00f3 a Lafe"},"content":{"rendered":"<p><span style=\"font-family: georgia, palatino, serif; font-size: 14pt;\"><em>Este domingo, Flandria gole\u00f3 a Laferrere por 3 a 0 en el debut de su DT, Santiago Davio. Con goles de Zarate y Cuenca.<\/em><\/span><\/p>\n<p><!--more--><\/p>\n<p>Tras la <a href=\"https:\/\/diariodelujan.com\/xdeporte\/duro-golpe-para-flandria-en-merlo\/\" target=\"_blank\" rel=\"noopener\">ca\u00edda ante Deportivo Merlo<\/a> en la fecha anterior, esta vez, <a href=\"https:\/\/www.facebook.com\/ClubsydFlandria\" target=\"_blank\" rel=\"noopener\">Flandria<\/a> gole\u00f3 al <em>Villero\u00a0<\/em>en lo que fue el debut del nuevo entrenador, Santiago Davio. Con este resultado, el Canario qued\u00f3 a un punto de meterse en el reducido.<\/p>\n<h4><strong>Flandria gole\u00f3 y gust\u00f3<\/strong><\/h4>\n<p><em>El Canario<\/em> no empez\u00f3 el partido de la mejor manera. A los 20 minutos de juego, Mauro Bellone tuvo que dejar la cancha por una lesi\u00f3n, siendo reemplazado por Marcos Ben\u00edtez. M\u00e1s tarde, Facundo G\u00f3mez se equivoc\u00f3 en la salida y fue Federico D\u00edaz quien tuvo que mantener la valla en cero.<\/p>\n<p>Sin embargo, el due\u00f1o de casa fue m\u00e1s que el conjunto visitante y cuando se acercaba el fin del primer tiempo, <em>el Canario<\/em> abri\u00f3 el marcador. Con un tiro libre ejecutado por Cabrera, quien la coloc\u00f3 en el punto penal para que Z\u00e1rate convierta con poca resistencia de la defensa rival.<\/p>\n<p><img loading=\"lazy\" decoding=\"async\" class=\"aligncenter wp-image-14398\" src=\"https:\/\/diariodelujan.com\/xdeporte\/wp-content\/uploads\/2024\/08\/flandria-lafe-2-2024.webp\" alt=\"En el debut de su DT, Flandria gole\u00f3 a Lafe\" width=\"650\" height=\"433\" title=\"\" srcset=\"https:\/\/diariodelujan.com\/xdeporte\/wp-content\/uploads\/2024\/08\/flandria-lafe-2-2024.webp 900w, https:\/\/diariodelujan.com\/xdeporte\/wp-content\/uploads\/2024\/08\/flandria-lafe-2-2024-300x200.webp 300w, https:\/\/diariodelujan.com\/xdeporte\/wp-content\/uploads\/2024\/08\/flandria-lafe-2-2024-768x512.webp 768w, https:\/\/diariodelujan.com\/xdeporte\/wp-content\/uploads\/2024\/08\/flandria-lafe-2-2024-630x420.webp 630w, https:\/\/diariodelujan.com\/xdeporte\/wp-content\/uploads\/2024\/08\/flandria-lafe-2-2024-696x464.webp 696w\" sizes=\"auto, (max-width: 650px) 100vw, 650px\" \/><\/p>\n<p>Minutos m\u00e1s tarde, un grave error de la defensa del <em>Verde<\/em> le permiti\u00f3 a Flandria estirar la diferencia a 2 goles, tras una excelente definici\u00f3n de Cristian Cuenca. Con este resultado parcial, ambos elencos se fueron al descanso.<\/p>\n<p>En el segundo tiempo, el conjunto local se enfoc\u00f3 en defender el resultado, otorg\u00e1ndole la posesi\u00f3n de la pelota a Laferrere, que poco y nada pudo hacer para lastimar al <em>Canario<\/em>.<\/p>\n<p>En este contexto, Paulo Oballes encontr\u00f3 un hueco entre las l\u00edneas de <em>Lafe<\/em> y la toc\u00f3 para Cuenca que defini\u00f3 impecablemente ante el achique del arquero visitante.<\/p>\n<p>Sin tiempo para m\u00e1s, el conjunto dirigido por Davio gan\u00f3, gust\u00f3 y gole\u00f3. La pr\u00f3xima fecha visitar\u00e1 a Ca\u00f1uelas, por la fecha 10.<\/p>\n","protected":false},"excerpt":{"rendered":"<p>Este domingo, Flandria gole\u00f3 a Laferrere por 3 a 0 en el debut de su DT, Santiago Davio. Con goles de Zarate y Cuenca.<\/p>\n","protected":false},"author":3,"featured_media":14397,"comment_status":"closed","ping_status":"open","sticky":false,"template":"","format":"standard","meta":{"tdm_status":"","tdm_grid_status":"","footnotes":""},"categories":[2,8],"tags":[171,187,185,172,173,210,198],"class_list":{"0":"post-14395","1":"post","2":"type-post","3":"status-publish","4":"format-standard","5":"has-post-thumbnail","7":"category-featured","8":"category-futbol","9":"tag-canario","10":"tag-debut","11":"tag-dt","12":"tag-flandria","13":"tag-futbol","14":"tag-laferrere","15":"tag-primera-b"},"_links":{"self":[{"href":"https:\/\/diariodelujan.com\/xdeporte\/wp-json\/wp\/v2\/posts\/14395","targetHints":{"allow":["GET"]}}],"collection":[{"href":"https:\/\/diariodelujan.com\/xdeporte\/wp-json\/wp\/v2\/posts"}],"about":[{"href":"https:\/\/diariodelujan.com\/xdeporte\/wp-json\/wp\/v2\/types\/post"}],"author":[{"embeddable":true,"href":"https:\/\/diariodelujan.com\/xdeporte\/wp-json\/wp\/v2\/users\/3"}],"replies":[{"embeddable":true,"href":"https:\/\/diariodelujan.com\/xdeporte\/wp-json\/wp\/v2\/comments?post=14395"}],"version-history":[{"count":2,"href":"https:\/\/diariodelujan.com\/xdeporte\/wp-json\/wp\/v2\/posts\/14395\/revisions"}],"predecessor-version":[{"id":14399,"href":"https:\/\/diariodelujan.com\/xdeporte\/wp-json\/wp\/v2\/posts\/14395\/revisions\/14399"}],"wp:featuredmedia":[{"embeddable":true,"href":"https:\/\/diariodelujan.com\/xdeporte\/wp-json\/wp\/v2\/media\/14397"}],"wp:attachment":[{"href":"https:\/\/diariodelujan.com\/xdeporte\/wp-json\/wp\/v2\/media?parent=14395"}],"wp:term":[{"taxonomy":"category","embeddable":true,"href":"https:\/\/diariodelujan.com\/xdeporte\/wp-json\/wp\/v2\/categories?post=14395"},{"taxonomy":"post_tag","embeddable":true,"href":"https:\/\/diariodelujan.com\/xdeporte\/wp-json\/wp\/v2\/tags?post=14395"}],"curies":[{"name":"wp","href":"https:\/\/api.w.org\/{rel}","templated":true}]}}