{"id":14401,"date":"2024-08-12T18:29:11","date_gmt":"2024-08-12T21:29:11","guid":{"rendered":"https:\/\/diariodelujan.com\/xdeporte\/?p=14401"},"modified":"2024-08-24T23:19:12","modified_gmt":"2024-08-25T02:19:12","slug":"lujan-recibe-al-porve-por-la-fecha-7","status":"publish","type":"post","link":"https:\/\/diariodelujan.com\/xdeporte\/lujan-recibe-al-porve-por-la-fecha-7\/","title":{"rendered":"Luj\u00e1n recibe al Porve por la fecha 7"},"content":{"rendered":"\r\n<p class=\"dropcapp\"><span style=\"font-family: georgia, palatino, serif; font-size: 14pt;\"><em>Luj\u00e1n ser\u00e1 anfitri\u00f3n de el Porvenir en el 1\u00b0 de Abril este martes. Los de Garate buscar\u00e1n seguir sumando para acercarse mas a los punteros.<\/em><\/span><\/p>\r\n\r\n\r\n<p><!--more--><\/p>\r\n\r\n\r\n<p><span style=\"font-size: 18pt;\"><strong>E<\/strong><\/span>n el marco de la 7\u00b0 fecha del clausura de la Primera C, y tras una jornada de descanso para lo de la bas\u00edlica, Luj\u00e1n recibe a al Porve. Los equipos llegan a esta jornada con mentalidad ganadora y es de esperar un atractivo partido. Los dos vencieron a sus rivales en su \u00faltimo partido e intentar\u00e1n un nuevo triunfo.<\/p>\r\n\r\n\r\n<p>Luj\u00e1n gan\u00f3 su \u00faltimo duelo<a href=\"\/xdeporte\/lujan-se-quedo-con-los-tres-puntos\/\"> ante Sp. Barracas<\/a> por 2 a 1. Se enfrenta a una nueva oportunidad de vencer y no dejar en el camino puntos para remontar en la tabla de posiciones. En las \u00faltimas jornadas, tuvo una cifra de 6 goles en contra y 7 a favor.<\/p>\r\n\r\n\r\n<p>El Porvenir viene de vencer a Sp. Barracas en casa por 1 a 0. Le precede una serie irregular de resultados en los anteriores encuentros jugados: 1 victoria, 2 derrotas y 1 empate. Adem\u00e1s, marc\u00f3 un total de 4 goles y 3 le han convertido.<\/p>\r\n\r\n\r\n<p>El equipo local domina el historial en este campeonato: suma todas victorias de los \u00faltimos 5 partidos que han disputado. La \u00faltima vez que jugaron en contra en este torneo fue el 23 de marzo, en Torneo Apertura del torneo Argentina &#8211; Campeonato Primera C Temporada 2024, y Luj\u00e1n se qued\u00f3 con la victoria por 0 a 2.<\/p>\r\n\r\n\r\n<p>El encargado de impartir justicia en el partido ser\u00e1 Sebasti\u00e1n Habib.<\/p>\r\n\r\n\r\n<p>&nbsp;<\/p>\r\n","protected":false},"excerpt":{"rendered":"<p>Luj\u00e1n ser\u00e1 anfitri\u00f3n de el Porvenir en el 1\u00b0 de Abril este martes. Los de Garate buscar\u00e1n seguir sumando para acercarse mas a los punteros.<\/p>\n","protected":false},"author":4,"featured_media":14408,"comment_status":"closed","ping_status":"open","sticky":false,"template":"","format":"standard","meta":{"tdm_status":"","tdm_grid_status":"","footnotes":""},"categories":[2,8],"tags":[209,315],"class_list":{"0":"post-14401","1":"post","2":"type-post","3":"status-publish","4":"format-standard","5":"has-post-thumbnail","7":"category-featured","8":"category-futbol","9":"tag-el-porvenir","10":"tag-primera-c-lujan"},"_links":{"self":[{"href":"https:\/\/diariodelujan.com\/xdeporte\/wp-json\/wp\/v2\/posts\/14401","targetHints":{"allow":["GET"]}}],"collection":[{"href":"https:\/\/diariodelujan.com\/xdeporte\/wp-json\/wp\/v2\/posts"}],"about":[{"href":"https:\/\/diariodelujan.com\/xdeporte\/wp-json\/wp\/v2\/types\/post"}],"author":[{"embeddable":true,"href":"https:\/\/diariodelujan.com\/xdeporte\/wp-json\/wp\/v2\/users\/4"}],"replies":[{"embeddable":true,"href":"https:\/\/diariodelujan.com\/xdeporte\/wp-json\/wp\/v2\/comments?post=14401"}],"version-history":[{"count":5,"href":"https:\/\/diariodelujan.com\/xdeporte\/wp-json\/wp\/v2\/posts\/14401\/revisions"}],"predecessor-version":[{"id":14409,"href":"https:\/\/diariodelujan.com\/xdeporte\/wp-json\/wp\/v2\/posts\/14401\/revisions\/14409"}],"wp:featuredmedia":[{"embeddable":true,"href":"https:\/\/diariodelujan.com\/xdeporte\/wp-json\/wp\/v2\/media\/14408"}],"wp:attachment":[{"href":"https:\/\/diariodelujan.com\/xdeporte\/wp-json\/wp\/v2\/media?parent=14401"}],"wp:term":[{"taxonomy":"category","embeddable":true,"href":"https:\/\/diariodelujan.com\/xdeporte\/wp-json\/wp\/v2\/categories?post=14401"},{"taxonomy":"post_tag","embeddable":true,"href":"https:\/\/diariodelujan.com\/xdeporte\/wp-json\/wp\/v2\/tags?post=14401"}],"curies":[{"name":"wp","href":"https:\/\/api.w.org\/{rel}","templated":true}]}}