{"id":14411,"date":"2024-08-13T18:42:40","date_gmt":"2024-08-13T21:42:40","guid":{"rendered":"https:\/\/diariodelujan.com\/xdeporte\/?p=14411"},"modified":"2024-08-24T23:19:11","modified_gmt":"2024-08-25T02:19:11","slug":"el-lujanero-empato-sin-goles","status":"publish","type":"post","link":"https:\/\/diariodelujan.com\/xdeporte\/el-lujanero-empato-sin-goles\/","title":{"rendered":"El Lujanero empat\u00f3 sin goles con El Porve"},"content":{"rendered":"<p><span style=\"font-family: georgia, palatino, serif; font-size: 14pt;\"><em>Este martes se jugaron todos los partidos de la fecha 7 de la Primera C al un\u00edsono. El Lujanero empat\u00f3 0-0 ante El Porve y desperdici\u00f3 la chance de arrimarse a la punta de la tabla de posiciones.<\/em><\/span><\/p>\n<p><!--more--><\/p>\n<p>Luego del <a href=\"https:\/\/diariodelujan.com\/xdeporte\/lujan-se-quedo-con-los-tres-puntos\/\" target=\"_blank\" rel=\"noopener\">triunfo ante Barracas<\/a> en la fecha 5, <a href=\"https:\/\/www.facebook.com\/www.clublujan.com.ar\" target=\"_blank\" rel=\"noopener\"><em>el Lujanero<\/em><\/a> empat\u00f3 0 a 0 con El Porvenir, en el estadio 1\u00b0 de Abril, en el partido que se jug\u00f3 este martes por la tarde, en el marco de la fecha 7.<\/p>\n<p>Si bien Luj\u00e1n fue quien domin\u00f3 la pelota en el primer tiempo, generando varias chances claras, no logr\u00f3 ponerse en ventaja en el peor momento del conjunto visitante.<\/p>\n<p>La m\u00e1s clara de la primera mitad naci\u00f3 con un pelotazo largo de Gallardo desde el fondo, Eladio Ramos la recibi\u00f3, intent\u00f3 al arco, pero la pelota fue tapada por el arquero Portillo. En el rebote, Pedro Alfonso prob\u00f3 de primera, pero se fue apenas arriba del travesa\u00f1o.<\/p>\n<p>En el segundo tiempo el partido fue m\u00e1s parejo, con El Porvenir casi tuvo el primero, tras un cabezazo de Juli\u00e1n Quinteros y, por el lado de Luj\u00e1n, Tarr\u00edo con un disparo cerca del palo, pero el guardametas visitante nuevamente le neg\u00f3 el gol al <em>Lujanero.<\/em><\/p>\n<p>Cerca del final se fue expulsado Felipe Ruiz en la visita. Sin embargo, antes que Luj\u00e1n pudiera aprovechar la ventaja de jugadores, <em>El Porve<\/em> casi le amarga la tarde cuando un remate de Alvarenga fue apenas desviado por el 1 de Luj\u00e1n.<\/p>\n<h4><strong>El Lujanero empat\u00f3 ante El Porve<\/strong><\/h4>\n<p>Con este resultado, los dirigidos por Garate quedaron en la mitad de la tabla, con 10 puntos. El pr\u00f3ximo s\u00e1bado visitar\u00e1n a Ituzaingo, a partir de las 15 hs.<\/p>\n","protected":false},"excerpt":{"rendered":"<p>Este martes se jugaron todos los partidos de la fecha 7 de la Primera C al un\u00edsono. El Lujanero empat\u00f3 0-0 ante El Porve y desperdici\u00f3 la chance de arrimarse a la punta de la tabla de posiciones.<\/p>\n","protected":false},"author":3,"featured_media":14413,"comment_status":"closed","ping_status":"open","sticky":false,"template":"","format":"standard","meta":{"tdm_status":"","tdm_grid_status":"","footnotes":""},"categories":[2,8],"tags":[209,173,117,184,130],"class_list":{"0":"post-14411","1":"post","2":"type-post","3":"status-publish","4":"format-standard","5":"has-post-thumbnail","7":"category-featured","8":"category-futbol","9":"tag-el-porvenir","10":"tag-futbol","11":"tag-lujan","12":"tag-lujanero","13":"tag-primera-c"},"_links":{"self":[{"href":"https:\/\/diariodelujan.com\/xdeporte\/wp-json\/wp\/v2\/posts\/14411","targetHints":{"allow":["GET"]}}],"collection":[{"href":"https:\/\/diariodelujan.com\/xdeporte\/wp-json\/wp\/v2\/posts"}],"about":[{"href":"https:\/\/diariodelujan.com\/xdeporte\/wp-json\/wp\/v2\/types\/post"}],"author":[{"embeddable":true,"href":"https:\/\/diariodelujan.com\/xdeporte\/wp-json\/wp\/v2\/users\/3"}],"replies":[{"embeddable":true,"href":"https:\/\/diariodelujan.com\/xdeporte\/wp-json\/wp\/v2\/comments?post=14411"}],"version-history":[{"count":1,"href":"https:\/\/diariodelujan.com\/xdeporte\/wp-json\/wp\/v2\/posts\/14411\/revisions"}],"predecessor-version":[{"id":14412,"href":"https:\/\/diariodelujan.com\/xdeporte\/wp-json\/wp\/v2\/posts\/14411\/revisions\/14412"}],"wp:featuredmedia":[{"embeddable":true,"href":"https:\/\/diariodelujan.com\/xdeporte\/wp-json\/wp\/v2\/media\/14413"}],"wp:attachment":[{"href":"https:\/\/diariodelujan.com\/xdeporte\/wp-json\/wp\/v2\/media?parent=14411"}],"wp:term":[{"taxonomy":"category","embeddable":true,"href":"https:\/\/diariodelujan.com\/xdeporte\/wp-json\/wp\/v2\/categories?post=14411"},{"taxonomy":"post_tag","embeddable":true,"href":"https:\/\/diariodelujan.com\/xdeporte\/wp-json\/wp\/v2\/tags?post=14411"}],"curies":[{"name":"wp","href":"https:\/\/api.w.org\/{rel}","templated":true}]}}