{"id":14440,"date":"2024-08-17T19:50:00","date_gmt":"2024-08-17T22:50:00","guid":{"rendered":"https:\/\/diariodelujan.com\/xdeporte\/?p=14440"},"modified":"2024-08-24T23:19:05","modified_gmt":"2024-08-25T02:19:05","slug":"lujan-le-gano-al-verde","status":"publish","type":"post","link":"https:\/\/diariodelujan.com\/xdeporte\/lujan-le-gano-al-verde\/","title":{"rendered":"Luj\u00e1n le gan\u00f3 al Verde por la m\u00ednima diferencia"},"content":{"rendered":"<p><span style=\"font-family: georgia, palatino, serif; font-size: 14pt;\"><em>Este s\u00e1bado, Luj\u00e1n le gan\u00f3 a Ituzaingo por 1 a 0 con gol de Chimino de penal. El pr\u00f3ximo partido ser\u00e1 ante Lamadrid.<\/em><\/span><\/p>\n<p><!--more--><\/p>\n<p>En el marco de la fecha 8 del Clausura, <a href=\"https:\/\/www.facebook.com\/www.clublujan.com.ar\" target=\"_blank\" rel=\"noopener\">Luj\u00e1n<\/a> le gan\u00f3 a Ituzaingo 1 a 0 en el estadio Carlos Alberto Sacaan. El conjunto de nuestra ciudad, viene de <a href=\"https:\/\/diariodelujan.com\/xdeporte\/el-lujanero-empato-sin-goles\/\" target=\"_blank\" rel=\"noopener\">igualar ante El Porve sin goles<\/a> en la fecha anterior<\/p>\n<p>En el primer tiempo, el local cont\u00f3 con mayor posesi\u00f3n de la pelota, sin embargo, fue <em>el Lujanero<\/em> quien supo aprovechar sus chances de convertir.<\/p>\n<h4><strong>Luj\u00e1n le gan\u00f3 al Verde con gol de Chimino<\/strong><\/h4>\n<p>A los 38 minutos de juego, el juez del partido sancion\u00f3 penal a favor de la visita por una infracci\u00f3n cometida sobre Eladio Ramos. Cristi\u00e1n Chimino fue el encargado de transformar el penal en gol. En este contexto ambos elencos fueron al descanso con un 1-0 a favor de los de la Bas\u00edlica.<\/p>\n<p>En la segunda mitad, el due\u00f1o de casa arrincon\u00f3 al <em>Lujanero<\/em> hacia su arco con dos jugadas claras que pudieron haber cambiado la historia. No obstante, Gallardo respondi\u00f3 bien ante los intentos de Ituzaingo y mantuvo su valla intacta, permiti\u00e9ndole a su equipo quedarse con los tres puntos del encuentro.<\/p>\n<p>Ahora, los dirigidos por el <em>Piri\u00a0<\/em>Garate deber\u00e1n pensar en Lamadrid, rival que recibir\u00e1n en el 1\u00b0 de Abril la pr\u00f3xima fecha.<\/p>\n","protected":false},"excerpt":{"rendered":"<p>Este s\u00e1bado, Luj\u00e1n le gan\u00f3 a Ituzaingo por 1 a 0 con gol de Chimino de penal. El pr\u00f3ximo partido ser\u00e1 ante Lamadrid.<\/p>\n","protected":false},"author":3,"featured_media":14442,"comment_status":"closed","ping_status":"open","sticky":false,"template":"","format":"standard","meta":{"tdm_status":"","tdm_grid_status":"","footnotes":""},"categories":[8,2],"tags":[173,207,117,184,130],"class_list":{"0":"post-14440","1":"post","2":"type-post","3":"status-publish","4":"format-standard","5":"has-post-thumbnail","7":"category-futbol","8":"category-featured","9":"tag-futbol","10":"tag-ituzaingo","11":"tag-lujan","12":"tag-lujanero","13":"tag-primera-c"},"_links":{"self":[{"href":"https:\/\/diariodelujan.com\/xdeporte\/wp-json\/wp\/v2\/posts\/14440","targetHints":{"allow":["GET"]}}],"collection":[{"href":"https:\/\/diariodelujan.com\/xdeporte\/wp-json\/wp\/v2\/posts"}],"about":[{"href":"https:\/\/diariodelujan.com\/xdeporte\/wp-json\/wp\/v2\/types\/post"}],"author":[{"embeddable":true,"href":"https:\/\/diariodelujan.com\/xdeporte\/wp-json\/wp\/v2\/users\/3"}],"replies":[{"embeddable":true,"href":"https:\/\/diariodelujan.com\/xdeporte\/wp-json\/wp\/v2\/comments?post=14440"}],"version-history":[{"count":1,"href":"https:\/\/diariodelujan.com\/xdeporte\/wp-json\/wp\/v2\/posts\/14440\/revisions"}],"predecessor-version":[{"id":14441,"href":"https:\/\/diariodelujan.com\/xdeporte\/wp-json\/wp\/v2\/posts\/14440\/revisions\/14441"}],"wp:featuredmedia":[{"embeddable":true,"href":"https:\/\/diariodelujan.com\/xdeporte\/wp-json\/wp\/v2\/media\/14442"}],"wp:attachment":[{"href":"https:\/\/diariodelujan.com\/xdeporte\/wp-json\/wp\/v2\/media?parent=14440"}],"wp:term":[{"taxonomy":"category","embeddable":true,"href":"https:\/\/diariodelujan.com\/xdeporte\/wp-json\/wp\/v2\/categories?post=14440"},{"taxonomy":"post_tag","embeddable":true,"href":"https:\/\/diariodelujan.com\/xdeporte\/wp-json\/wp\/v2\/tags?post=14440"}],"curies":[{"name":"wp","href":"https:\/\/api.w.org\/{rel}","templated":true}]}}